{"id":1852,"date":"2018-03-11T17:15:42","date_gmt":"2018-03-11T17:15:42","guid":{"rendered":"http:\/\/sabineschaefer.de\/?page_id=1852"},"modified":"2022-12-12T19:59:31","modified_gmt":"2022-12-12T19:59:31","slug":"kommunikation-als-prozesse-des-lebens","status":"publish","type":"post","link":"https:\/\/sabineschaefer.de\/?p=1852&lang=de","title":{"rendered":"Kommunikation als Prozesse des Lebens"},"content":{"rendered":"<h4>Medienkunst-Ausstellung<br \/>\nmit Werken von Sabine Sch\u00e4fer Studio &lt;SA\/JO&gt;<\/h4>\n<p>20.03.-20.10.2018<\/p>\n<p>Schloss Lautrach<br \/>\nSchloss-Str. 1, 87763 Lautrach<br \/>\n(bei D-87700 Memmingen)<\/p>\n<p><a class=\"fancybox\" href=\"https:\/\/sabineschaefer.de\/wp-content\/uploads\/2018\/04\/csm_SL-Schloss-00246_450px_fb9617f3a0.jpg\" rel=\"GALL_E\"><img loading=\"lazy\" decoding=\"async\" class=\"size-medium wp-image-2060\" src=\"https:\/\/sabineschaefer.de\/wp-content\/uploads\/2018\/04\/csm_SL-Schloss-00246_450px_fb9617f3a0-300x141.jpg\" alt=\" Schloss Lautrach bei Memmingen\" width=\"300\" height=\"141\" srcset=\"https:\/\/sabineschaefer.de\/wp-content\/uploads\/2018\/04\/csm_SL-Schloss-00246_450px_fb9617f3a0-300x141.jpg 300w, https:\/\/sabineschaefer.de\/wp-content\/uploads\/2018\/04\/csm_SL-Schloss-00246_450px_fb9617f3a0.jpg 956w\" sizes=\"(max-width: 300px) 100vw, 300px\" \/><\/a><\/p>\n<h3>WERKE DER AUSSTELLUNG<\/h3>\n<p><a class=\"fancybox\" href=\"https:\/\/sabineschaefer.de\/wp-content\/uploads\/2018\/04\/000-1_01_Lautrach_AMS-of-Nature-Bild-Rhy-2.jpg\" rel=\"GALL_A\"><img loading=\"lazy\" decoding=\"async\" class=\"size-medium wp-image-2028\" src=\"https:\/\/sabineschaefer.de\/wp-content\/uploads\/2018\/04\/000-1_01_Lautrach_AMS-of-Nature-Bild-Rhy-2-300x169.jpg\" alt=\"AudioMicroSpheres of Nature, Bild-Rhythmus 2, 2018, Interactive graphic print with Audio QR-Code, Exhibition \u201cCommunication as a Processes of Life\u201d @ Castle Lautrach, 20.03.-20.10.2018, Photo: SA\/JO\" width=\"300\" height=\"169\" srcset=\"https:\/\/sabineschaefer.de\/wp-content\/uploads\/2018\/04\/000-1_01_Lautrach_AMS-of-Nature-Bild-Rhy-2-300x169.jpg 300w, https:\/\/sabineschaefer.de\/wp-content\/uploads\/2018\/04\/000-1_01_Lautrach_AMS-of-Nature-Bild-Rhy-2-1024x576.jpg 1024w\" sizes=\"(max-width: 300px) 100vw, 300px\" \/><\/a><\/p>\n<div class=\"fancybox-hidden\">\n<p><a class=\"fancybox\" href=\"https:\/\/sabineschaefer.de\/wp-content\/uploads\/2018\/04\/000-2_01_AMS-of-Nature-Bild-Rhy-2Besucher.jpg\" rel=\"GALL_A\"><img loading=\"lazy\" decoding=\"async\" class=\"size-medium wp-image-2029\" src=\"https:\/\/sabineschaefer.de\/wp-content\/uploads\/2018\/04\/000-2_01_AMS-of-Nature-Bild-Rhy-2Besucher-196x300.jpg\" alt=\"AudioMicroSpheres of Nature, Bild-Rhythmus 2, 2018, Interactive graphic print with Audio QR-Code, Exhibition \u201cCommunication as a Processes of Life\u201d @ Castle Lautrach, 20.03.-20.10.2018, Photo: SA\/JO\" width=\"196\" height=\"300\" srcset=\"https:\/\/sabineschaefer.de\/wp-content\/uploads\/2018\/04\/000-2_01_AMS-of-Nature-Bild-Rhy-2Besucher-196x300.jpg 196w, https:\/\/sabineschaefer.de\/wp-content\/uploads\/2018\/04\/000-2_01_AMS-of-Nature-Bild-Rhy-2Besucher-669x1024.jpg 669w, https:\/\/sabineschaefer.de\/wp-content\/uploads\/2018\/04\/000-2_01_AMS-of-Nature-Bild-Rhy-2Besucher.jpg 759w\" sizes=\"(max-width: 196px) 100vw, 196px\" \/><\/a><\/p>\n<p><a class=\"fancybox\" href=\"https:\/\/sabineschaefer.de\/wp-content\/uploads\/2018\/04\/000-3_20180318_161621.jpg\" rel=\"GALL_A\"><img loading=\"lazy\" decoding=\"async\" class=\"size-medium wp-image-2030\" src=\"https:\/\/sabineschaefer.de\/wp-content\/uploads\/2018\/04\/000-3_20180318_161621-300x169.jpg\" alt=\"Sabine Sch\u00e4fer: Audio Biospheres Yellow, 2017 (segment), Exhibition \u201cCommunication as a Processes of Life\u201d @ Castle Lautrach, 20.03.-20.10.2018\" width=\"300\" height=\"169\" srcset=\"https:\/\/sabineschaefer.de\/wp-content\/uploads\/2018\/04\/000-3_20180318_161621-300x169.jpg 300w, https:\/\/sabineschaefer.de\/wp-content\/uploads\/2018\/04\/000-3_20180318_161621-1024x576.jpg 1024w\" sizes=\"(max-width: 300px) 100vw, 300px\" \/><\/a><\/p>\n<p><a class=\"fancybox\" href=\"https:\/\/sabineschaefer.de\/wp-content\/uploads\/2018\/04\/000-4_05-GEDOK_ABIOS-Yellow-web.jpg\" rel=\"GALL_A\"><img loading=\"lazy\" decoding=\"async\" class=\"alignnone size-medium wp-image-2031\" src=\"https:\/\/sabineschaefer.de\/wp-content\/uploads\/2018\/04\/000-4_05-GEDOK_ABIOS-Yellow-web-300x200.jpg\" alt=\"Sabine Sch\u00e4fer: Audio Biospheres Yellow, 2017 (segment), Exhibition \u201cCommunication as a Processes of Life\u201d @ Castle Lautrach, 20.03.-20.10.2018\" width=\"300\" height=\"200\" srcset=\"https:\/\/sabineschaefer.de\/wp-content\/uploads\/2018\/04\/000-4_05-GEDOK_ABIOS-Yellow-web-300x200.jpg 300w, https:\/\/sabineschaefer.de\/wp-content\/uploads\/2018\/04\/000-4_05-GEDOK_ABIOS-Yellow-web-1024x682.jpg 1024w, https:\/\/sabineschaefer.de\/wp-content\/uploads\/2018\/04\/000-4_05-GEDOK_ABIOS-Yellow-web.jpg 1801w\" sizes=\"(max-width: 300px) 100vw, 300px\" \/><\/a><\/p>\n<p><a class=\"fancybox\" href=\"https:\/\/sabineschaefer.de\/wp-content\/uploads\/2018\/04\/000-5-01_InteraktiveDruckgrafik_SabineSchaefer.jpg\" rel=\"GALL_A\"><img loading=\"lazy\" decoding=\"async\" class=\"size-medium wp-image-2032\" src=\"https:\/\/sabineschaefer.de\/wp-content\/uploads\/2018\/04\/000-5-01_InteraktiveDruckgrafik_SabineSchaefer-300x265.jpg\" alt=\"1. Interactive prints by Sabine Sch\u00e4fer, exhibition \u201eWhy Knot?\u201c, 2018 - The visitor is scanning the QR-Code and is listening to the audio-composition - Photo: Annette H\u00fcnnekens \" width=\"300\" height=\"265\" srcset=\"https:\/\/sabineschaefer.de\/wp-content\/uploads\/2018\/04\/000-5-01_InteraktiveDruckgrafik_SabineSchaefer-300x265.jpg 300w, https:\/\/sabineschaefer.de\/wp-content\/uploads\/2018\/04\/000-5-01_InteraktiveDruckgrafik_SabineSchaefer-1024x904.jpg 1024w, https:\/\/sabineschaefer.de\/wp-content\/uploads\/2018\/04\/000-5-01_InteraktiveDruckgrafik_SabineSchaefer.jpg 1360w\" sizes=\"(max-width: 300px) 100vw, 300px\" \/><\/a><\/p>\n<p><a class=\"fancybox\" href=\"https:\/\/sabineschaefer.de\/wp-content\/uploads\/2018\/04\/000-6_01_AMS-of-Nature_BLUE-1-2.jpg\" rel=\"GALL_A\"><img loading=\"lazy\" decoding=\"async\" class=\"size-medium wp-image-2050\" src=\"https:\/\/sabineschaefer.de\/wp-content\/uploads\/2018\/04\/000-6_01_AMS-of-Nature_BLUE-1-2-300x225.jpg\" alt=\"AudioMicroSpheres of Nature BLUE 1, 2018, Interactive graphic print with Audio QR-Code, Photo: SA\/JO\" width=\"300\" height=\"225\" srcset=\"https:\/\/sabineschaefer.de\/wp-content\/uploads\/2018\/04\/000-6_01_AMS-of-Nature_BLUE-1-2-300x225.jpg 300w, https:\/\/sabineschaefer.de\/wp-content\/uploads\/2018\/04\/000-6_01_AMS-of-Nature_BLUE-1-2-1024x768.jpg 1024w, https:\/\/sabineschaefer.de\/wp-content\/uploads\/2018\/04\/000-6_01_AMS-of-Nature_BLUE-1-2.jpg 1600w\" sizes=\"(max-width: 300px) 100vw, 300px\" \/><\/a><\/p>\n<p><a class=\"fancybox\" href=\"https:\/\/sabineschaefer.de\/wp-content\/uploads\/2018\/04\/000-7_20180319_152534.jpg\" rel=\"GALL_A\"><img loading=\"lazy\" decoding=\"async\" class=\"size-medium wp-image-2034\" src=\"https:\/\/sabineschaefer.de\/wp-content\/uploads\/2018\/04\/000-7_20180319_152534-300x169.jpg\" alt=\"AudioMicroSpheres of Nature, BLUE 1, 2018, Interactive graphic print with Audio QR-Code, Exhibition \u201cCommunication as a Processes of Life\u201d @ Castle Lautrach, 20.03.-20.10.2018, Photo: SA\/JO\" width=\"300\" height=\"169\" srcset=\"https:\/\/sabineschaefer.de\/wp-content\/uploads\/2018\/04\/000-7_20180319_152534-300x169.jpg 300w, https:\/\/sabineschaefer.de\/wp-content\/uploads\/2018\/04\/000-7_20180319_152534-1024x576.jpg 1024w\" sizes=\"(max-width: 300px) 100vw, 300px\" \/><\/a><\/p>\n<p><a class=\"fancybox\" href=\"https:\/\/sabineschaefer.de\/wp-content\/uploads\/2018\/04\/000-8_20180319_154403.jpg\" rel=\"GALL_A\"><img loading=\"lazy\" decoding=\"async\" class=\"size-medium wp-image-2035\" src=\"https:\/\/sabineschaefer.de\/wp-content\/uploads\/2018\/04\/000-8_20180319_154403-300x169.jpg\" alt=\"AudioMicroSpheres of Nature, Bild-Rhythmus 1 (1\/4 \u2013 4\/4), 2018, Interactive graphic prints with Audio QR-Code, Exhibition \u201cCommunication as a Processes of Life\u201d @ Castle Lautrach, 20.03.-20.10.2018, Photo: SA\/JO\" width=\"300\" height=\"169\" srcset=\"https:\/\/sabineschaefer.de\/wp-content\/uploads\/2018\/04\/000-8_20180319_154403-300x169.jpg 300w, https:\/\/sabineschaefer.de\/wp-content\/uploads\/2018\/04\/000-8_20180319_154403-1024x576.jpg 1024w\" sizes=\"(max-width: 300px) 100vw, 300px\" \/><\/a><\/p>\n<p><a class=\"fancybox\" href=\"https:\/\/sabineschaefer.de\/wp-content\/uploads\/2018\/04\/000-9a_01_AMS-of-Nature_Glimpse-1.jpg\" rel=\"GALL_A\"><img loading=\"lazy\" decoding=\"async\" class=\"size-medium wp-image-2036\" src=\"https:\/\/sabineschaefer.de\/wp-content\/uploads\/2018\/04\/000-9a_01_AMS-of-Nature_Glimpse-1-300x146.jpg\" alt=\"AudioMicroSpheres of Nature, Glimpse 1, 2018, Interactive graphic print with Audio QR-Code, Exhibition \u201cCommunication as a Processes of Life\u201d @ Castle Lautrach, 20.03.-20.10.2018, Photo: SA\/JO\" width=\"300\" height=\"146\" srcset=\"https:\/\/sabineschaefer.de\/wp-content\/uploads\/2018\/04\/000-9a_01_AMS-of-Nature_Glimpse-1-300x146.jpg 300w, https:\/\/sabineschaefer.de\/wp-content\/uploads\/2018\/04\/000-9a_01_AMS-of-Nature_Glimpse-1-1024x499.jpg 1024w\" sizes=\"(max-width: 300px) 100vw, 300px\" \/><\/a><\/p>\n<p><a class=\"fancybox\" href=\"https:\/\/sabineschaefer.de\/wp-content\/uploads\/2018\/04\/000-9b_20180319_153641.jpg\" rel=\"GALL_A\"><img loading=\"lazy\" decoding=\"async\" class=\"size-medium wp-image-2037\" src=\"https:\/\/sabineschaefer.de\/wp-content\/uploads\/2018\/04\/000-9b_20180319_153641-300x169.jpg\" alt=\"AudioMicroSpheres of Nature, Glimpse 1, 2018, Interactive graphic print with Audio QR-Code, Photo: SA\/JO\" width=\"300\" height=\"169\" srcset=\"https:\/\/sabineschaefer.de\/wp-content\/uploads\/2018\/04\/000-9b_20180319_153641-300x169.jpg 300w, https:\/\/sabineschaefer.de\/wp-content\/uploads\/2018\/04\/000-9b_20180319_153641-1024x576.jpg 1024w\" sizes=\"(max-width: 300px) 100vw, 300px\" \/><\/a><\/p>\n<p><a class=\"fancybox\" href=\"https:\/\/sabineschaefer.de\/wp-content\/uploads\/2018\/04\/000-10_20180319_152916.jpg\" rel=\"GALL_A\"><img loading=\"lazy\" decoding=\"async\" class=\"size-medium wp-image-2038\" src=\"https:\/\/sabineschaefer.de\/wp-content\/uploads\/2018\/04\/000-10_20180319_152916-300x169.jpg\" alt=\"Sabine Sch\u00e4fer: Audio Biospheres Mirrored Yellow White, 2018, Exhibition \u201cCommunication as a Processes of Life\u201d @ Castle Lautrach, 20.03.-20.10.2018, Photo: SA\/JO\" width=\"300\" height=\"169\" srcset=\"https:\/\/sabineschaefer.de\/wp-content\/uploads\/2018\/04\/000-10_20180319_152916-300x169.jpg 300w, https:\/\/sabineschaefer.de\/wp-content\/uploads\/2018\/04\/000-10_20180319_152916-1024x576.jpg 1024w\" sizes=\"(max-width: 300px) 100vw, 300px\" \/><\/a><\/p>\n<p><a class=\"fancybox\" href=\"https:\/\/sabineschaefer.de\/wp-content\/uploads\/2018\/04\/000-11_20180319_152844.jpg\" rel=\"GALL_A\"><img loading=\"lazy\" decoding=\"async\" class=\"size-medium wp-image-2039\" src=\"https:\/\/sabineschaefer.de\/wp-content\/uploads\/2018\/04\/000-11_20180319_152844-300x169.jpg\" alt=\"Sabine Sch\u00e4fer: Audio Biospheres Magenta and Cyan, 2017, Exhibition \u201cCommunication as a Processes of Life\u201d @ Castle Lautrach, 20.03.-20.10.2018\" width=\"300\" height=\"169\" srcset=\"https:\/\/sabineschaefer.de\/wp-content\/uploads\/2018\/04\/000-11_20180319_152844-300x169.jpg 300w, https:\/\/sabineschaefer.de\/wp-content\/uploads\/2018\/04\/000-11_20180319_152844-1024x576.jpg 1024w\" sizes=\"(max-width: 300px) 100vw, 300px\" \/><\/a><\/p>\n<p><a class=\"fancybox\" href=\"https:\/\/sabineschaefer.de\/wp-content\/uploads\/2018\/04\/000-12_Lautrach_ABIOS_20180319_153316-cut.jpg\" rel=\"GALL_A\"><img loading=\"lazy\" decoding=\"async\" class=\"alignnone size-medium wp-image-2040\" src=\"https:\/\/sabineschaefer.de\/wp-content\/uploads\/2018\/04\/000-12_Lautrach_ABIOS_20180319_153316-cut-300x104.jpg\" alt=\"Sabine Sch\u00e4fer: Audio Biospheres Magenta and Cyan, 2017, Exhibition \u201cCommunication as a Processes of Life\u201d @ Castle Lautrach, 20.03.-20.10.2018\" width=\"300\" height=\"104\" srcset=\"https:\/\/sabineschaefer.de\/wp-content\/uploads\/2018\/04\/000-12_Lautrach_ABIOS_20180319_153316-cut-300x104.jpg 300w, https:\/\/sabineschaefer.de\/wp-content\/uploads\/2018\/04\/000-12_Lautrach_ABIOS_20180319_153316-cut-1024x354.jpg 1024w\" sizes=\"(max-width: 300px) 100vw, 300px\" \/><\/a><\/p>\n<p><a class=\"fancybox\" href=\"https:\/\/sabineschaefer.de\/wp-content\/uploads\/2018\/04\/000-13_20180319_153331.jpg\" rel=\"GALL_A\"><img loading=\"lazy\" decoding=\"async\" class=\"size-medium wp-image-2041\" src=\"https:\/\/sabineschaefer.de\/wp-content\/uploads\/2018\/04\/000-13_20180319_153331-300x169.jpg\" alt=\"Sabine Sch\u00e4fer: Audio Biospheres Magenta, 2017, Exhibition \u201cCommunication as a Processes of Life\u201d @ Castle Lautrach, 20.03.-20.10.2018, Photo: SA\/JO \" width=\"300\" height=\"169\" srcset=\"https:\/\/sabineschaefer.de\/wp-content\/uploads\/2018\/04\/000-13_20180319_153331-300x169.jpg 300w, https:\/\/sabineschaefer.de\/wp-content\/uploads\/2018\/04\/000-13_20180319_153331-1024x576.jpg 1024w\" sizes=\"(max-width: 300px) 100vw, 300px\" \/><\/a><\/p>\n<p><a class=\"fancybox\" href=\"https:\/\/sabineschaefer.de\/wp-content\/uploads\/2018\/04\/000-14a_20180319_153342.jpg\" rel=\"GALL_A\"><img loading=\"lazy\" decoding=\"async\" class=\"size-medium wp-image-2042\" src=\"https:\/\/sabineschaefer.de\/wp-content\/uploads\/2018\/04\/000-14a_20180319_153342-300x169.jpg\" alt=\"Sabine Sch\u00e4fer: Audio Biospheres Magenta, 2017, Exhibition \u201cCommunication as a Processes of Life\u201d @ Castle Lautrach, 20.03.-20.10.2018, Photo: SA\/JO\" width=\"300\" height=\"169\" srcset=\"https:\/\/sabineschaefer.de\/wp-content\/uploads\/2018\/04\/000-14a_20180319_153342-300x169.jpg 300w, https:\/\/sabineschaefer.de\/wp-content\/uploads\/2018\/04\/000-14a_20180319_153342-1024x576.jpg 1024w\" sizes=\"(max-width: 300px) 100vw, 300px\" \/><\/a><\/p>\n<p><a class=\"fancybox\" href=\"https:\/\/sabineschaefer.de\/wp-content\/uploads\/2018\/04\/000-14b_05-GEDOK_ABIOS-Cyan2-web.jpg\" rel=\"GALL_A\"><img loading=\"lazy\" decoding=\"async\" class=\"size-medium wp-image-2043\" src=\"https:\/\/sabineschaefer.de\/wp-content\/uploads\/2018\/04\/000-14b_05-GEDOK_ABIOS-Cyan2-web-300x211.jpg\" alt=\"Sabine Sch\u00e4fer: Audio Biospheres Magenta, 2017, Interactive graphic print with Audio QR-Code, Photo: Anna-Maria Letsch\" width=\"300\" height=\"211\" srcset=\"https:\/\/sabineschaefer.de\/wp-content\/uploads\/2018\/04\/000-14b_05-GEDOK_ABIOS-Cyan2-web-300x211.jpg 300w, https:\/\/sabineschaefer.de\/wp-content\/uploads\/2018\/04\/000-14b_05-GEDOK_ABIOS-Cyan2-web-1024x721.jpg 1024w, https:\/\/sabineschaefer.de\/wp-content\/uploads\/2018\/04\/000-14b_05-GEDOK_ABIOS-Cyan2-web.jpg 1704w\" sizes=\"(max-width: 300px) 100vw, 300px\" \/><\/a><\/p>\n<p><a class=\"fancybox\" href=\"https:\/\/sabineschaefer.de\/wp-content\/uploads\/2018\/04\/000-15_20180319_152644.jpg\" rel=\"GALL_A\"><img loading=\"lazy\" decoding=\"async\" class=\"size-medium wp-image-2044\" src=\"https:\/\/sabineschaefer.de\/wp-content\/uploads\/2018\/04\/000-15_20180319_152644-300x169.jpg\" alt=\"Sabine Sch\u00e4fer: Audio Biospheres Mirrored Magenta, 2018, Exhibition \u201cCommunication as a Processes of Life\u201d @ Castle Lautrach, 20.03.-20.10.2018, Photo: SA\/JO\" width=\"300\" height=\"169\" srcset=\"https:\/\/sabineschaefer.de\/wp-content\/uploads\/2018\/04\/000-15_20180319_152644-300x169.jpg 300w, https:\/\/sabineschaefer.de\/wp-content\/uploads\/2018\/04\/000-15_20180319_152644-1024x576.jpg 1024w\" sizes=\"(max-width: 300px) 100vw, 300px\" \/><\/a><\/p>\n<p><a class=\"fancybox\" href=\"https:\/\/sabineschaefer.de\/wp-content\/uploads\/2018\/04\/000-16_20180319_153232.jpg\" rel=\"GALL_A\"><img loading=\"lazy\" decoding=\"async\" class=\"size-medium wp-image-2045\" src=\"https:\/\/sabineschaefer.de\/wp-content\/uploads\/2018\/04\/000-16_20180319_153232-300x169.jpg\" alt=\"Sabine Sch\u00e4fer: Audio Biospheres Mirrored-V2 Magenta, 2018, Exhibition \u201cCommunication as a Processes of Life\u201d @ Castle Lautrach, 20.03.-20.10.2018, Photo: SA\/JO\" width=\"300\" height=\"169\" srcset=\"https:\/\/sabineschaefer.de\/wp-content\/uploads\/2018\/04\/000-16_20180319_153232-300x169.jpg 300w, https:\/\/sabineschaefer.de\/wp-content\/uploads\/2018\/04\/000-16_20180319_153232-1024x576.jpg 1024w\" sizes=\"(max-width: 300px) 100vw, 300px\" \/><\/a><\/p>\n<p><a class=\"fancybox\" href=\"https:\/\/sabineschaefer.de\/wp-content\/uploads\/2018\/04\/000-17_05_SAJO_MSSB_1-2_REM-Lichtbild-Schafslausfliege.jpg\" rel=\"GALL_A\"><img loading=\"lazy\" decoding=\"async\" class=\"alignnone size-medium wp-image-2046\" src=\"https:\/\/sabineschaefer.de\/wp-content\/uploads\/2018\/04\/000-17_05_SAJO_MSSB_1-2_REM-Lichtbild-Schafslausfliege-300x212.jpg\" alt=\"SolarSonical Insects #3 \u2013 Part II, MicroSonical Shining Biospheres No. 1\/2, 2009 Gallery of illuminated images with SEM recordings of very small beings \u00a9 SA\/JO Sabine Sch\u00e4fer \/ Joachim Krebs\" width=\"300\" height=\"212\" srcset=\"https:\/\/sabineschaefer.de\/wp-content\/uploads\/2018\/04\/000-17_05_SAJO_MSSB_1-2_REM-Lichtbild-Schafslausfliege-300x212.jpg 300w, https:\/\/sabineschaefer.de\/wp-content\/uploads\/2018\/04\/000-17_05_SAJO_MSSB_1-2_REM-Lichtbild-Schafslausfliege-1024x724.jpg 1024w, https:\/\/sabineschaefer.de\/wp-content\/uploads\/2018\/04\/000-17_05_SAJO_MSSB_1-2_REM-Lichtbild-Schafslausfliege.jpg 1697w\" sizes=\"(max-width: 300px) 100vw, 300px\" \/><\/a><\/p>\n<p><a class=\"fancybox\" href=\"https:\/\/sabineschaefer.de\/wp-content\/uploads\/2018\/04\/000-18_04_SAJO_SolarSonical-Insects_Video-Still.jpg\" rel=\"GALL_A\"><img loading=\"lazy\" decoding=\"async\" class=\"size-medium wp-image-2047\" src=\"https:\/\/sabineschaefer.de\/wp-content\/uploads\/2018\/04\/000-18_04_SAJO_SolarSonical-Insects_Video-Still-300x300.jpg\" alt=\"SolarSonical Insects #3 \u2013 Part I, Video still of \u201eSolarSonical Insects\u201c, 2012 \u00a9 SA\/JO Sabine Sch\u00e4fer \/ Joachim Krebs\" width=\"300\" height=\"300\" srcset=\"https:\/\/sabineschaefer.de\/wp-content\/uploads\/2018\/04\/000-18_04_SAJO_SolarSonical-Insects_Video-Still-300x300.jpg 300w, https:\/\/sabineschaefer.de\/wp-content\/uploads\/2018\/04\/000-18_04_SAJO_SolarSonical-Insects_Video-Still-150x150.jpg 150w, https:\/\/sabineschaefer.de\/wp-content\/uploads\/2018\/04\/000-18_04_SAJO_SolarSonical-Insects_Video-Still-1024x1024.jpg 1024w, https:\/\/sabineschaefer.de\/wp-content\/uploads\/2018\/04\/000-18_04_SAJO_SolarSonical-Insects_Video-Still.jpg 1200w\" sizes=\"(max-width: 300px) 100vw, 300px\" \/><\/a><\/p>\n<p><a class=\"fancybox\" href=\"https:\/\/sabineschaefer.de\/wp-content\/uploads\/2018\/04\/000-19_20180319_154352.jpg\" rel=\"GALL_A\"><img loading=\"lazy\" decoding=\"async\" class=\"size-medium wp-image-2048\" src=\"https:\/\/sabineschaefer.de\/wp-content\/uploads\/2018\/04\/000-19_20180319_154352-300x169.jpg\" alt=\"SA\/JO Sabine Sch\u00e4fer\/Joachim Krebs: SolarSonical Insects #3 PART I: \u201cSolarSonical Insects\u201d (audio video installation) and PART II: \u201cMicroSonical Shining Biospheres #1\/2\u201d, a gallery of illuminated images with SEM recordings of very small beings @ Castle Lautrach, 20.03.-20.10.2018, Photo: SA\/JO\" width=\"300\" height=\"169\" srcset=\"https:\/\/sabineschaefer.de\/wp-content\/uploads\/2018\/04\/000-19_20180319_154352-300x169.jpg 300w, https:\/\/sabineschaefer.de\/wp-content\/uploads\/2018\/04\/000-19_20180319_154352-1024x576.jpg 1024w\" sizes=\"(max-width: 300px) 100vw, 300px\" \/><\/a><\/p>\n<\/div>\n<h3><\/h3>\n<span class=\"collapseomatic \" id=\"id69f2297dc7587\"  tabindex=\"0\" title=\"Werkinformationen\"    >Werkinformationen<\/span><div id=\"target-id69f2297dc7587\" class=\"collapseomatic_content \">\n<h4>Interaktive Druckgrafiken mit Audio QR-Code<\/h4>\n<h4><a href=\"https:\/\/sabineschaefer.de\/wp-content\/uploads\/2018\/04\/Flyer-Druckgrafiken_SabineSchaefer-Studio-SAJO_web-1.pdf\">Informationen zu den interaktiven Druckgrafiken PDF<\/a><\/h4>\n<h4>SolarSonical Insects #3 &#8211; Part I und Part II<\/h4>\n<p>mit Werken des K\u00fcnstlerpaares &lt;SA\/JO&gt; Sabine Sch\u00e4fer\/Joachim Krebs<br \/>\nAudio-Video-Installation mit REM-Lichtbilder-Galerie und Audio QR-Code<\/p>\n<h4>Part I \u2013 SolarSonical Insects, 2012<\/h4>\n<p>Audio-Video-Installation:<\/p>\n<p style=\"padding-left: 30px;\">Audio: klangmikroskopische Komposition mit Insektenkl\u00e4ngen<br \/>\nVideo: Animation (10-50 Bilder pro Sekunde) aus 7.200 Bildern des NASA-Satelliten \u201eSolar Dynamic Observatory\u201c (SDO) von der Sonne aus dem Jahr 2011 (Dt. Luft-u. Raumfahrtzentrum, Max-Planck-Institut f\u00fcr Sonnensystemforschung)<\/p>\n<h4>Part II \u2013 MicroSonical Shining Biospheres No. 1\/2, 2009<\/h4>\n<p>REM-Lichtbilder-Galerie mit Rasterelektronenmikroskop-Aufnahmen von Kleinstlebewesen<br \/>\nLeihgabe des Joint Research Center der Europ\u00e4ischen Kommission<\/p>\n<h4>MicroSonical Garden, 2018<\/h4>\n<p>Begehbarer Garten mit komponierten Mikrokl\u00e4ngen der Natur im Schlosspark.<br \/>\nMaterial: Pflanzen, Holz, Tontechnik, Audio-Komposition<\/p>\n<\/div>\n<h3><\/h3>\n<h3>Kommunikation als Prozesse des Lebens<\/h3>\n<p>Mit wachsender Mediennutzung und einem Eingebundensein in den vielf\u00e4ltigen Vernetzungen, die durch das Internet m\u00f6glich werden, ver\u00e4ndern sich nicht nur unsere Selbst- und Naturwahrnehmung, sondern auch die Art und Weise, wie wir inmitten intelligenter Systeme kommunizieren und wahrgenommen werden.<\/p>\n<p>Verkn\u00fcpfungen, die auf Daten basieren, erh\u00f6hen nicht nur uns selbst, sondern auch unsere Umwelt und statten diese mit zus\u00e4tzlichen F\u00e4higkeiten aus. Endoskopische Verfahren verwandeln uns zu visuellen und auditiven Reisenden durch Mikro- und Makrokosmen.<br \/>\nDaneben findet schleichend eine Materialrevolution statt, in der sich diese Prozesse aufgrund der m\u00f6glich werdenden Entwicklung neuer Eigenschaftskombinationen in sogenannte &#8222;Smart Materials&#8220; manifestieren.<br \/>\nMedien-Kunst reagiert hierauf und macht die dahinter liegenden Strukturen und Prinzipien, die aktuell unserer Kommunikation zugrundeliegen, wahrnehmbar, indem sie diese \u00e4sthetisiert und das darin enthaltene Potential freilegt.<\/p>\n<p>In den komplexen Arbeiten von Sabine Sch\u00e4fer insbesondere den neuen interaktiven Druckgrafiken, sowie zeitbasierten Werken (Highend-Video und Klanggarten) spiegelt sich diese hybride Vielstimmigkeit, die uns gegenw\u00e4rtig in allen Lebensbereichen begegnet, auditiv und visuell auf mehreren Ebenen wieder. Ma\u00dfgebend ist jeweils die Vermischung von QR-Codierung und kaleidoskopisch komponierten, nat\u00fcrlichen Originalpartituren und den in Grundfarben zerlegten photographisch hochaufgel\u00f6sten Naturaufnahmen zu einem syn\u00e4sthetischen Ensemble.<\/p>\n<p>Dr. Annette H\u00fcnnekens, Ko-Kuratorin der Ausstellung<\/p>\n<p>In Kooperation: Joint Research Centre (JRC) der Europ\u00e4ischen Kommission, Max-Planck Institut f\u00fcr Sonnensystemforschung (MPS), NASA Washington D.C. und dem Zentrum f\u00fcr Kunst und Medien (ZKM) Karlsruhe.<\/p>\n<p>Kuratiert von Dr. Annette H\u00fcnnekens und Sabine Sch\u00e4fer<\/p>\n<h4>Ausstellungsort Schloss Lautrach<br \/>\nInformationen zur Kunstausstellung <a href=\"https:\/\/www.schloss-lautrach.de\/aktuell\/kunstausstellung\/\">Kommunikation als Prozesse des Lebens<\/a><\/h4>\n<p><a href=\"https:\/\/sabineschaefer.de\/wp-content\/uploads\/2018\/04\/000-1_01_Lautrach_AMS-of-Nature-Bild-Rhy-2.jpg\"><img loading=\"lazy\" decoding=\"async\" class=\"size-medium wp-image-2028\" src=\"https:\/\/sabineschaefer.de\/wp-content\/uploads\/2018\/04\/000-1_01_Lautrach_AMS-of-Nature-Bild-Rhy-2-300x169.jpg\" alt=\" AudioMicroSpheres of Nature, Bild-Rhythmus 2, 2018, Interactive graphic print with Audio QR-Code, Exhibition \u201cCommunication as a Processes of Life\u201d @ Castle Lautrach, 20.03.-20.10.2018, Photo: SA\/JO\" width=\"300\" height=\"169\" srcset=\"https:\/\/sabineschaefer.de\/wp-content\/uploads\/2018\/04\/000-1_01_Lautrach_AMS-of-Nature-Bild-Rhy-2-300x169.jpg 300w, https:\/\/sabineschaefer.de\/wp-content\/uploads\/2018\/04\/000-1_01_Lautrach_AMS-of-Nature-Bild-Rhy-2-1024x576.jpg 1024w\" sizes=\"(max-width: 300px) 100vw, 300px\" \/><\/a><\/p>\n","protected":false},"excerpt":{"rendered":"<p>Medienkunst-Ausstellung mit Werken von Sabine Sch\u00e4fer Studio &lt;SA\/JO&gt; 20.03.-20.10.2018 Schloss Lautrach Schloss-Str. 1, 87763 Lautrach (bei D-87700 Memmingen) WERKE DER AUSSTELLUNG Kommunikation als Prozesse des Lebens Mit wachsender Mediennutzung und einem Eingebundensein in den vielf\u00e4ltigen Vernetzungen, die durch das Internet m\u00f6glich werden, ver\u00e4ndern sich nicht nur unsere Selbst- und Naturwahrnehmung, sondern auch die Art und [&hellip;]<\/p>\n","protected":false},"author":1,"featured_media":0,"comment_status":"closed","ping_status":"closed","sticky":false,"template":"","format":"standard","meta":{"_et_pb_use_builder":"","_et_pb_old_content":"","_et_gb_content_width":"","h5ap_radio_sources":[],"footnotes":"","_links_to":"","_links_to_target":""},"categories":[210],"tags":[],"class_list":["post-1852","post","type-post","status-publish","format-standard","hentry","category-archiv-werkliste"],"_links":{"self":[{"href":"https:\/\/sabineschaefer.de\/index.php?rest_route=\/wp\/v2\/posts\/1852","targetHints":{"allow":["GET"]}}],"collection":[{"href":"https:\/\/sabineschaefer.de\/index.php?rest_route=\/wp\/v2\/posts"}],"about":[{"href":"https:\/\/sabineschaefer.de\/index.php?rest_route=\/wp\/v2\/types\/post"}],"author":[{"embeddable":true,"href":"https:\/\/sabineschaefer.de\/index.php?rest_route=\/wp\/v2\/users\/1"}],"replies":[{"embeddable":true,"href":"https:\/\/sabineschaefer.de\/index.php?rest_route=%2Fwp%2Fv2%2Fcomments&post=1852"}],"version-history":[{"count":33,"href":"https:\/\/sabineschaefer.de\/index.php?rest_route=\/wp\/v2\/posts\/1852\/revisions"}],"predecessor-version":[{"id":2083,"href":"https:\/\/sabineschaefer.de\/index.php?rest_route=\/wp\/v2\/posts\/1852\/revisions\/2083"}],"wp:attachment":[{"href":"https:\/\/sabineschaefer.de\/index.php?rest_route=%2Fwp%2Fv2%2Fmedia&parent=1852"}],"wp:term":[{"taxonomy":"category","embeddable":true,"href":"https:\/\/sabineschaefer.de\/index.php?rest_route=%2Fwp%2Fv2%2Fcategories&post=1852"},{"taxonomy":"post_tag","embeddable":true,"href":"https:\/\/sabineschaefer.de\/index.php?rest_route=%2Fwp%2Fv2%2Ftags&post=1852"}],"curies":[{"name":"wp","href":"https:\/\/api.w.org\/{rel}","templated":true}]}}