{"id":2316,"date":"2019-06-05T07:45:25","date_gmt":"2019-06-05T07:45:25","guid":{"rendered":"http:\/\/sabineschaefer.de\/?p=2316"},"modified":"2022-12-13T10:33:45","modified_gmt":"2022-12-13T10:33:45","slug":"potentiale","status":"publish","type":"post","link":"https:\/\/sabineschaefer.de\/?p=2316&lang=de","title":{"rendered":"23.04. &#8211; 10.11.2019 Potenziale &#8211; Scan Me!"},"content":{"rendered":"<h4>Multimediales Kunstprojekt<\/h4>\n<p>POTENZIALE &#8211; Scan Me!<br \/>\nSabine Sch\u00e4fer I Gloria Keller I Iris Kamlah<\/p>\n<p>Teil 1 &#8211; \u201eDie Kunst-Plakate\u201c<br \/>\nKunst im \u00f6ffentlichen Raum<br \/>\nApril \u2013 Nov. 2019<br \/>\n<a href=\"https:\/\/www.gedok-karlsruhe.de\/potenziale\/\" target=\"_blank\" rel=\"noopener noreferrer\"><img loading=\"lazy\" decoding=\"async\" class=\"alignnone wp-image-2296 size-medium\" src=\"https:\/\/sabineschaefer.de\/wp-content\/uploads\/2019\/05\/Potenziale_Icon-300x199.jpg\" alt=\"\" width=\"300\" height=\"199\" srcset=\"https:\/\/sabineschaefer.de\/wp-content\/uploads\/2019\/05\/Potenziale_Icon-300x199.jpg 300w, https:\/\/sabineschaefer.de\/wp-content\/uploads\/2019\/05\/Potenziale_Icon.jpg 550w\" sizes=\"(max-width: 300px) 100vw, 300px\" \/><\/a><\/p>\n<p>Teil 2 &#8211; \u201eQR-Code Domino\u201c<br \/>\nInstallation, Ausstellung Orgelfabrik<br \/>\n19.10.- 10.11.2019<\/p>\n<p><a class=\"fancybox\" href=\"https:\/\/sabineschaefer.de\/wp-content\/uploads\/2020\/05\/QR-Code-Domino2-web.jpg\" rel=\"GALL_A\"> <img loading=\"lazy\" decoding=\"async\" class=\"alignnone size-medium wp-image-2688\" src=\"https:\/\/sabineschaefer.de\/wp-content\/uploads\/2020\/05\/QR-Code-Domino2-web-300x199.jpg\" alt=\"\" width=\"300\" height=\"199\" srcset=\"https:\/\/sabineschaefer.de\/wp-content\/uploads\/2020\/05\/QR-Code-Domino2-web-300x199.jpg 300w, https:\/\/sabineschaefer.de\/wp-content\/uploads\/2020\/05\/QR-Code-Domino2-web-1024x680.jpg 1024w, https:\/\/sabineschaefer.de\/wp-content\/uploads\/2020\/05\/QR-Code-Domino2-web-1536x1020.jpg 1536w, https:\/\/sabineschaefer.de\/wp-content\/uploads\/2020\/05\/QR-Code-Domino2-web-scaled.jpg 1807w\" sizes=\"(max-width: 300px) 100vw, 300px\" \/><\/a><\/p>\n<div class=\"fancybox-hidden\"><a class=\"fancybox\" href=\"https:\/\/sabineschaefer.de\/wp-content\/uploads\/2020\/05\/QR-Code-Domino3-web.jpg\" rel=\"GALL_A\"> <img loading=\"lazy\" decoding=\"async\" class=\"alignnone size-medium wp-image-2689\" src=\"https:\/\/sabineschaefer.de\/wp-content\/uploads\/2020\/05\/QR-Code-Domino3-web-300x169.jpg\" alt=\"\" width=\"300\" height=\"169\" srcset=\"https:\/\/sabineschaefer.de\/wp-content\/uploads\/2020\/05\/QR-Code-Domino3-web-300x169.jpg 300w, https:\/\/sabineschaefer.de\/wp-content\/uploads\/2020\/05\/QR-Code-Domino3-web-1024x576.jpg 1024w, https:\/\/sabineschaefer.de\/wp-content\/uploads\/2020\/05\/QR-Code-Domino3-web-1536x864.jpg 1536w, https:\/\/sabineschaefer.de\/wp-content\/uploads\/2020\/05\/QR-Code-Domino3-web-2048x1152.jpg 2048w\" sizes=\"(max-width: 300px) 100vw, 300px\" \/><\/a><br \/>\n<a class=\"fancybox\" href=\"https:\/\/sabineschaefer.de\/wp-content\/uploads\/2020\/05\/QR-Code-Domino-web.jpg\" rel=\"GALL_A\"> <img loading=\"lazy\" decoding=\"async\" class=\"alignnone size-medium wp-image-2690\" src=\"https:\/\/sabineschaefer.de\/wp-content\/uploads\/2020\/05\/QR-Code-Domino-web-300x169.jpg\" alt=\"\" width=\"300\" height=\"169\" srcset=\"https:\/\/sabineschaefer.de\/wp-content\/uploads\/2020\/05\/QR-Code-Domino-web-300x169.jpg 300w, https:\/\/sabineschaefer.de\/wp-content\/uploads\/2020\/05\/QR-Code-Domino-web-1024x576.jpg 1024w, https:\/\/sabineschaefer.de\/wp-content\/uploads\/2020\/05\/QR-Code-Domino-web-1536x864.jpg 1536w, https:\/\/sabineschaefer.de\/wp-content\/uploads\/2020\/05\/QR-Code-Domino-web-2048x1152.jpg 2048w\" sizes=\"(max-width: 300px) 100vw, 300px\" \/><\/a><\/div>\n<h4>Eine audio-visuelle Pr\u00e4sentation<br \/>\nvon K\u00fcnstlerinnen der GEDOK Karlsruhe<\/h4>\n<p>Anl\u00e4sslich des Jubil\u00e4ums \u201e90 Jahre GEDOK Karlsruhe\u201c entstand das Kunstprojekt \u201ePOTENZIALE \u2013 Scan Me!\u201c, das die K\u00fcnstlerinnen-Gemeinschaft auf mediale Weise optisch wie auch akustisch erlebbar macht. Die Pr\u00e4sentation jeder einzelnen K\u00fcnstlerin erfolgt durch einen jeweils eigenen QR-Code, der beim Scannen zur Informationsseite der K\u00fcnstlerin f\u00fchrt. Hier erklingt die Stimme der K\u00fcnstlerin und es erscheinen Informationen zur k\u00fcnstlerischen Arbeit und Person. Alle K\u00fcnstlerinnen-QR-Codes sind Teil der Gestaltung von Kunst-Plakaten im \u00f6ffentlichen Raum sowie der raumgreifenden Installation \u201eQR-Code Domino\u201c.<\/p>\n<p>KLANG-KOMPOSITION, PROJEKTIDEE<br \/>\nSabine Sch\u00e4fer<\/p>\n<p>Projektteam BILD<br \/>\nGloria Keller I Iris Kamlah<br \/>\nMalerei, Konzeption, Plakatgestaltung<\/p>\n<p>Webseite, Statements<br \/>\nUte Reisner<\/p>\n<h4>Die Audio-Komposition<\/h4>\n<p>44 K\u00fcnstlerinnen-Statements \u2013 44 individuelle Stimmtimbre und Aussagen zur Kunst<br \/>\nmachen die Komposition zu einem akustischen Portrait der K\u00fcnstlerinnengemeinschaft GEDOK Karlsruhe.<br \/>\n<a href=\"https:\/\/www.gedok-karlsruhe.de\/potenziale\/audio-komposition\/\" target=\"_blank\" rel=\"noopener noreferrer\">Werkkommentar<\/a><\/p>\n<audio class=\"wp-audio-shortcode\" id=\"audio-2316-1\" preload=\"none\" style=\"width: 100%;\" controls=\"controls\"><source type=\"audio\/mpeg\" src=\"https:\/\/sabineschaefer.de\/wp-content\/uploads\/2020\/05\/Sabine-Schaefer-Potenziale-Komposition.mp3?_=1\" \/><a href=\"https:\/\/sabineschaefer.de\/wp-content\/uploads\/2020\/05\/Sabine-Schaefer-Potenziale-Komposition.mp3\">https:\/\/sabineschaefer.de\/wp-content\/uploads\/2020\/05\/Sabine-Schaefer-Potenziale-Komposition.mp3<\/a><\/audio>\n<h4><\/h4>\n<h4>Werkfassungen<\/h4>\n<p><strong>Sabine Sch\u00e4fer<\/strong><br \/>\n<strong>Potenziale<\/strong><br \/>\nEine Sprach-Klang-Komposition f\u00fcr 44 Frauenstimmen<br \/>\nStereoversion, Dauer: 8\u00b400\u00b4\u00b4<br \/>\nUA 10.05.2019, Badische Landesbibliothek Karlsruhe<\/p>\n<p><strong>Sabine Sch\u00e4fer <\/strong><br \/>\n<strong>Potenziale II<\/strong><br \/>\nSprach-Klang-Komposition<br \/>\nF\u00fcnfkanalige Raumklangkomposition, Dauer: 4\u00b430\u00b4\u00b4<br \/>\nUA 18.10.2019, 19.30 Uhr, Orgelfabrik Karlsruhe<\/p>\n<p><strong>Sabine Sch\u00e4fer, Gloria Keller, Iris Kamlah<\/strong><br \/>\n<strong>QR-Code-Domino (2019)<\/strong><br \/>\nVierkanalige Klanginstallation, Dauer: 58\u00b400\u00b4\u00b4 (Loop)<br \/>\nPr\u00e4sentiert im Rahmen der Ausstellung POTENZIALE<br \/>\n19.10. bis 10.11.2019, Orgelfabrik Karlsruhe<\/p>\n<p><strong>Dr. Annette H\u00fcnnekens<\/strong><br \/>\n<strong>K\u00fcnstlerische Potenziale und mediale Strategien <\/strong><br \/>\n<strong>\u2013 zum Kunstprojekt \u201ePOTENZIALE \u2013 Scan Me!\u201c<\/strong><\/p>\n<p>Vortrag<br \/>\nOrgelfabrik Karlsruhe, 31.10.2019<\/p>\n<div class=\"epyt-gallery\" data-currpage=\"1\" id=\"epyt_gallery_59404\"><div  id=\"_ytid_33379\" class=\"__youtube_prefs__  __youtube_prefs_gdpr__ \" allowfullscreen data-no-lazy=\"1\" data-skipgform_ajax_framebjll=\"\"><p><strong>Please accept YouTube cookies to play this video.<\/strong> By accepting you will be accessing content from YouTube, a service provided by an external third party.<\/p>\n<p><a href=\"https:\/\/policies.google.com\/privacy\" target=\"_blank\" rel=\"noopener\">YouTube privacy policy<\/a><\/p>\n<p>If you accept this notice, your choice will be saved and the page will refresh.<\/p>\n<button type=\"button\" class=\"__youtube_prefs_gdpr__\">Accept YouTube Content<img decoding=\"async\" src=\"https:\/\/sabineschaefer.de\/wp-content\/plugins\/youtube-embed-plus\/images\/icon-check.png\" alt=\"accept\" data-no-lazy=\"1\" data-skipgform_ajax_framebjll=\"\" \/><\/button><\/div><div class=\"epyt-gallery-list\"><div class=\"epyt-pagination \"><div tabindex=\"0\" role=\"button\" class=\"epyt-pagebutton epyt-prev  hide \" data-playlistid=\"PL1KbdlNQh7ZkldA0YnMkqJjXvU-7Dvj4C\" data-pagesize=\"15\" data-pagetoken=\"\" data-epcolumns=\"3\" data-showtitle=\"1\" data-showpaging=\"1\" data-autonext=\"0\" data-thumbplay=\"1\"><div class=\"epyt-arrow\">&laquo;<\/div> <div>Prev<\/div><\/div><div class=\"epyt-pagenumbers hide\"><div class=\"epyt-current\">1<\/div><div class=\"epyt-pageseparator\"> \/ <\/div><div class=\"epyt-totalpages\">1<\/div><\/div><div tabindex=\"0\" role=\"button\" class=\"epyt-pagebutton epyt-next hide \" data-playlistid=\"PL1KbdlNQh7ZkldA0YnMkqJjXvU-7Dvj4C\" data-pagesize=\"15\" data-pagetoken=\"\" data-epcolumns=\"3\" data-showtitle=\"1\" data-showpaging=\"1\" data-autonext=\"0\" data-thumbplay=\"1\"><div>Next<\/div> <div class=\"epyt-arrow\">&raquo;<\/div><\/div><div class=\"epyt-loader\"><img loading=\"lazy\" decoding=\"async\" alt=\"loading\" width=\"16\" height=\"11\" src=\"https:\/\/sabineschaefer.de\/wp-content\/plugins\/youtube-embed-plus\/images\/gallery-page-loader.gif\"><\/div><\/div><div class=\"epyt-gallery-allthumbs  epyt-cols-3 \"><div tabindex=\"0\" role=\"button\" data-videoid=\"SfaWc1SiPpM\" class=\"epyt-gallery-thumb\"><div class=\"epyt-gallery-img-box\"><div class=\"epyt-gallery-img epyt-gallery-img-gdpr\"><div class=\"epyt-gallery-playhover\"><img loading=\"lazy\" decoding=\"async\" alt=\"play\" class=\"epyt-play-img\" width=\"30\" height=\"23\" src=\"https:\/\/sabineschaefer.de\/wp-content\/plugins\/youtube-embed-plus\/images\/playhover.png\" data-no-lazy=\"1\" data-skipgform_ajax_framebjll=\"\" \/><div class=\"epyt-gallery-playcrutch\"><\/div><\/div><\/div><\/div><div class=\"epyt-gallery-title\">H\u00fcnnekens Teil1<\/div><\/div><div tabindex=\"0\" role=\"button\" data-videoid=\"8dt7b5kcyaM\" class=\"epyt-gallery-thumb\"><div class=\"epyt-gallery-img-box\"><div class=\"epyt-gallery-img epyt-gallery-img-gdpr\"><div class=\"epyt-gallery-playhover\"><img loading=\"lazy\" decoding=\"async\" alt=\"play\" class=\"epyt-play-img\" width=\"30\" height=\"23\" src=\"https:\/\/sabineschaefer.de\/wp-content\/plugins\/youtube-embed-plus\/images\/playhover.png\" data-no-lazy=\"1\" data-skipgform_ajax_framebjll=\"\" \/><div class=\"epyt-gallery-playcrutch\"><\/div><\/div><\/div><\/div><div class=\"epyt-gallery-title\">H\u00fcnnekens Teil2<\/div><\/div><div class=\"epyt-gallery-clear\"><\/div><\/div><div class=\"epyt-pagination \"><div tabindex=\"0\" role=\"button\" class=\"epyt-pagebutton epyt-prev  hide \" data-playlistid=\"PL1KbdlNQh7ZkldA0YnMkqJjXvU-7Dvj4C\" data-pagesize=\"15\" data-pagetoken=\"\" data-epcolumns=\"3\" data-showtitle=\"1\" data-showpaging=\"1\" data-autonext=\"0\" data-thumbplay=\"1\"><div class=\"epyt-arrow\">&laquo;<\/div> <div>Prev<\/div><\/div><div class=\"epyt-pagenumbers hide\"><div class=\"epyt-current\">1<\/div><div class=\"epyt-pageseparator\"> \/ <\/div><div class=\"epyt-totalpages\">1<\/div><\/div><div tabindex=\"0\" role=\"button\" class=\"epyt-pagebutton epyt-next hide \" data-playlistid=\"PL1KbdlNQh7ZkldA0YnMkqJjXvU-7Dvj4C\" data-pagesize=\"15\" data-pagetoken=\"\" data-epcolumns=\"3\" data-showtitle=\"1\" data-showpaging=\"1\" data-autonext=\"0\" data-thumbplay=\"1\"><div>Next<\/div> <div class=\"epyt-arrow\">&raquo;<\/div><\/div><div class=\"epyt-loader\"><img loading=\"lazy\" decoding=\"async\" alt=\"loading\" width=\"16\" height=\"11\" src=\"https:\/\/sabineschaefer.de\/wp-content\/plugins\/youtube-embed-plus\/images\/gallery-page-loader.gif\"><\/div><\/div><\/div><\/div>\n<p>&nbsp;<\/p>\n","protected":false},"excerpt":{"rendered":"<p>Multimediales Kunstprojekt POTENZIALE &#8211; Scan Me! Sabine Sch\u00e4fer I Gloria Keller I Iris Kamlah Teil 1 &#8211; \u201eDie Kunst-Plakate\u201c Kunst im \u00f6ffentlichen Raum April \u2013 Nov. 2019 Teil 2 &#8211; \u201eQR-Code Domino\u201c Installation, Ausstellung Orgelfabrik 19.10.- 10.11.2019 Eine audio-visuelle Pr\u00e4sentation von K\u00fcnstlerinnen der GEDOK Karlsruhe Anl\u00e4sslich des Jubil\u00e4ums \u201e90 Jahre GEDOK Karlsruhe\u201c entstand das Kunstprojekt [&hellip;]<\/p>\n","protected":false},"author":2,"featured_media":0,"comment_status":"open","ping_status":"open","sticky":false,"template":"","format":"standard","meta":{"_et_pb_use_builder":"","_et_pb_old_content":"","_et_gb_content_width":"","h5ap_radio_sources":[],"footnotes":"","_links_to":"","_links_to_target":""},"categories":[90],"tags":[],"class_list":["post-2316","post","type-post","status-publish","format-standard","hentry","category-aktuelles"],"_links":{"self":[{"href":"https:\/\/sabineschaefer.de\/index.php?rest_route=\/wp\/v2\/posts\/2316","targetHints":{"allow":["GET"]}}],"collection":[{"href":"https:\/\/sabineschaefer.de\/index.php?rest_route=\/wp\/v2\/posts"}],"about":[{"href":"https:\/\/sabineschaefer.de\/index.php?rest_route=\/wp\/v2\/types\/post"}],"author":[{"embeddable":true,"href":"https:\/\/sabineschaefer.de\/index.php?rest_route=\/wp\/v2\/users\/2"}],"replies":[{"embeddable":true,"href":"https:\/\/sabineschaefer.de\/index.php?rest_route=%2Fwp%2Fv2%2Fcomments&post=2316"}],"version-history":[{"count":12,"href":"https:\/\/sabineschaefer.de\/index.php?rest_route=\/wp\/v2\/posts\/2316\/revisions"}],"predecessor-version":[{"id":2698,"href":"https:\/\/sabineschaefer.de\/index.php?rest_route=\/wp\/v2\/posts\/2316\/revisions\/2698"}],"wp:attachment":[{"href":"https:\/\/sabineschaefer.de\/index.php?rest_route=%2Fwp%2Fv2%2Fmedia&parent=2316"}],"wp:term":[{"taxonomy":"category","embeddable":true,"href":"https:\/\/sabineschaefer.de\/index.php?rest_route=%2Fwp%2Fv2%2Fcategories&post=2316"},{"taxonomy":"post_tag","embeddable":true,"href":"https:\/\/sabineschaefer.de\/index.php?rest_route=%2Fwp%2Fv2%2Ftags&post=2316"}],"curies":[{"name":"wp","href":"https:\/\/api.w.org\/{rel}","templated":true}]}}