{"id":2342,"date":"2019-06-07T08:10:37","date_gmt":"2019-06-07T08:10:37","guid":{"rendered":"http:\/\/sabineschaefer.de\/?p=2342"},"modified":"2022-12-09T10:35:04","modified_gmt":"2022-12-09T10:35:04","slug":"23-06-14-07-2019-in-focus","status":"publish","type":"post","link":"https:\/\/sabineschaefer.de\/?p=2342&lang=de","title":{"rendered":"23.06. &#8211; 14.07.2019, in focus"},"content":{"rendered":"<p>K\u00fcnstlerinnenforum GEDOK Karlsruhe<br \/>\n23.06. &#8211; 14.07.2019<\/p>\n<p>Astrid Hansen, Birgit Spahlinger, Sabine Sch\u00e4fer<br \/>\n<strong>in focus. Art \u2013 Science \u2013 Nature<br \/>\n<\/strong>Drei unterschiedliche Positionen der zeitgen\u00f6ssischen Medienkunst und Fotografie<strong><br \/>\n<\/strong>Er\u00f6ffnung 22.06.2019, 20 Uhr<\/p>\n<div id=\"attachment_2402\" style=\"width: 841px\" class=\"wp-caption alignnone\"><a href=\"https:\/\/sabineschaefer.de\/wp-content\/uploads\/2019\/06\/Einladungsarte_in-Focus.pdf\"><img loading=\"lazy\" decoding=\"async\" aria-describedby=\"caption-attachment-2402\" class=\"wp-image-2402 size-full\" src=\"https:\/\/sabineschaefer.de\/wp-content\/uploads\/2019\/06\/inFocus.jpeg\" alt=\"\" width=\"831\" height=\"229\" srcset=\"https:\/\/sabineschaefer.de\/wp-content\/uploads\/2019\/06\/inFocus.jpeg 831w, https:\/\/sabineschaefer.de\/wp-content\/uploads\/2019\/06\/inFocus-300x83.jpeg 300w\" sizes=\"(max-width: 831px) 100vw, 831px\" \/><\/a><p id=\"caption-attachment-2402\" class=\"wp-caption-text\">\u00a9 Bild: Astrid Hansen, Birgit Spahlinger, Sabine Sch\u00e4fer<\/p><\/div>\n<p><a href=\"https:\/\/sabineschaefer.de\/wp-content\/uploads\/2019\/06\/Einladungsarte_in-Focus.pdf\">Einladungskarte<\/a><\/p>\n<p>&nbsp;<\/p>\n<p><a class=\"fancybox\" href=\"https:\/\/sabineschaefer.de\/wp-content\/uploads\/2019\/08\/01-focus_Vernissage.jpg\" rel=\"GALL_A\">Bildergalerie ansehen:<\/a><\/p>\n<p><a class=\"fancybox\" href=\"https:\/\/sabineschaefer.de\/wp-content\/uploads\/2019\/08\/01-focus_Vernissage.jpg\" rel=\"GALL_A\"><br \/>\n<img loading=\"lazy\" decoding=\"async\" class=\"alignnone size-medium wp-image-2415\" src=\"https:\/\/sabineschaefer.de\/wp-content\/uploads\/2019\/08\/01-focus_Vernissage-189x300.jpg\" alt=\"\u201ein focus\u201c GEDOK Forum Karlsruhe, 22.06.-14.07.2019, Photo: Anna-Maria Letsch\" width=\"189\" height=\"300\" \/><\/a><\/p>\n<div class=\"fancybox-hidden\"><a class=\"fancybox\" href=\"https:\/\/sabineschaefer.de\/wp-content\/uploads\/2019\/08\/03-focus_Vernissage-1.jpg\" rel=\"GALL_A\"><br \/>\n<img loading=\"lazy\" decoding=\"async\" class=\"alignnone size-medium wp-image-2415\" src=\"https:\/\/sabineschaefer.de\/wp-content\/uploads\/2019\/08\/03-focus_Vernissage-1-300x197.jpg\" alt=\"\u201ein focus\u201c GEDOK Forum Karlsruhe, 22.06.-14.07.2019, Photo: Anna-Maria Letsch\" width=\"300\" height=\"197\" \/><\/a><a class=\"fancybox\" href=\"https:\/\/sabineschaefer.de\/wp-content\/uploads\/2019\/08\/04-focus_AR-Verschwinden-1.jpg\" rel=\"GALL_A\"><br \/>\n<img loading=\"lazy\" decoding=\"async\" class=\"alignnone size-medium wp-image-2415\" src=\"https:\/\/sabineschaefer.de\/wp-content\/uploads\/2019\/08\/04-focus_AR-Verschwinden-1-300x188.jpg\" alt=\"\u201ein focus\u201c GEDOK Forum Karlsruhe, 22.06.-14.07.2019, Photo: Anna-Maria Letsch\" width=\"300\" height=\"188\" \/><\/a><a class=\"fancybox\" href=\"https:\/\/sabineschaefer.de\/wp-content\/uploads\/2019\/08\/04-focus_AR-Verschwinden-2.jpg\" rel=\"GALL_A\"><br \/>\n<img loading=\"lazy\" decoding=\"async\" class=\"alignnone size-medium wp-image-2415\" src=\"https:\/\/sabineschaefer.de\/wp-content\/uploads\/2019\/08\/04-focus_AR-Verschwinden-2-300x189.jpg\" alt=\"\u201ein focus\u201c GEDOK Forum Karlsruhe, 22.06.-14.07.2019, Photo: Anna-Maria Letsch\" width=\"300\" height=\"188\" \/><\/a><a class=\"fancybox\" href=\"https:\/\/sabineschaefer.de\/wp-content\/uploads\/2019\/08\/04-focus_AR-Verschwinden-3.jpg\" rel=\"GALL_A\"><br \/>\n<img loading=\"lazy\" decoding=\"async\" class=\"alignnone size-medium wp-image-2415\" src=\"https:\/\/sabineschaefer.de\/wp-content\/uploads\/2019\/08\/04-focus_AR-Verschwinden-3-300x163.jpg\" alt=\"\u201ein focus\u201c GEDOK Forum Karlsruhe, 22.06.-14.07.2019, Photo: Sabine Sch\u00e4fer\" width=\"300\" height=\"163\" \/><\/a><a class=\"fancybox\" href=\"https:\/\/sabineschaefer.de\/wp-content\/uploads\/2019\/08\/05-focus_werke-1a.jpg\" rel=\"GALL_A\"><br \/>\n<img loading=\"lazy\" decoding=\"async\" class=\"alignnone size-medium wp-image-2415\" src=\"https:\/\/sabineschaefer.de\/wp-content\/uploads\/2019\/08\/05-focus_werke-1a-300x169.jpg\" alt=\"\u201ein focus\u201c GEDOK Forum Karlsruhe, 22.06.-14.07.2019, Photo: Anna-Maria Letsch\" width=\"300\" height=\"169\" \/><\/a><a class=\"fancybox\" href=\"https:\/\/sabineschaefer.de\/wp-content\/uploads\/2019\/08\/05-focus_werke-1b.jpg\" rel=\"GALL_A\"><br \/>\n<img loading=\"lazy\" decoding=\"async\" class=\"alignnone size-medium wp-image-2415\" src=\"https:\/\/sabineschaefer.de\/wp-content\/uploads\/2019\/08\/05-focus_werke-1b-191x300.jpg\" alt=\"\u201ein focus\u201c GEDOK Forum Karlsruhe, 22.06.-14.07.2019, Photo: Anna-Maria Letsch\" width=\"191\" height=\"300\" \/><\/a><a class=\"fancybox\" href=\"https:\/\/sabineschaefer.de\/wp-content\/uploads\/2019\/08\/05-focus_werke-2.jpg\" rel=\"GALL_A\"><br \/>\n<img loading=\"lazy\" decoding=\"async\" class=\"alignnone size-medium wp-image-2415\" src=\"https:\/\/sabineschaefer.de\/wp-content\/uploads\/2019\/08\/05-focus_werke-2-300x169.jpg\" alt=\"\u201ein focus\u201c GEDOK Forum Karlsruhe, 22.06.-14.07.2019, Photo: Anna-Maria Letsch\" width=\"300\" height=\"169\" \/><\/a><\/p>\n<p><a class=\"fancybox\" href=\"https:\/\/sabineschaefer.de\/wp-content\/uploads\/2019\/08\/05-focus_werke-3.jpg\" rel=\"GALL_A\"><br \/>\n<img loading=\"lazy\" decoding=\"async\" class=\"alignnone size-medium wp-image-2415\" src=\"https:\/\/sabineschaefer.de\/wp-content\/uploads\/2019\/08\/05-focus_werke-3-300x219.jpg\" alt=\"\u201ein focus\u201c GEDOK Forum Karlsruhe, 22.06.-14.07.2019, Photo: Anna-Maria Letsch\" width=\"300\" height=\"219\" \/><\/a><\/p>\n<p><a class=\"fancybox\" href=\"https:\/\/sabineschaefer.de\/wp-content\/uploads\/2019\/08\/05-focus_werke-4.jpg\" rel=\"GALL_A\"><br \/>\n<img loading=\"lazy\" decoding=\"async\" class=\"alignnone size-medium wp-image-2415\" src=\"https:\/\/sabineschaefer.de\/wp-content\/uploads\/2019\/08\/05-focus_werke-4-300x169.jpg\" alt=\"\u201ein focus\u201c GEDOK Forum Karlsruhe, 22.06.-14.07.2019, Photo: Anna-Maria Letsch\" width=\"300\" height=\"169\" \/><\/a><\/p>\n<p><a class=\"fancybox\" href=\"https:\/\/sabineschaefer.de\/wp-content\/uploads\/2019\/08\/05-focus_werke-5.jpg\" rel=\"GALL_A\"><br \/>\n<img loading=\"lazy\" decoding=\"async\" class=\"alignnone size-medium wp-image-2415\" src=\"https:\/\/sabineschaefer.de\/wp-content\/uploads\/2019\/08\/05-focus_werke-5-300x169.jpg\" alt=\"\u201ein focus\u201c GEDOK Forum Karlsruhe, 22.06.-14.07.2019, Photo: Anna-Maria Letsch\" width=\"300\" height=\"169\" \/><\/a><\/p>\n<p><a class=\"fancybox\" href=\"https:\/\/sabineschaefer.de\/wp-content\/uploads\/2019\/08\/06-focus_Vernissage_Lilo-Maisch.jpg\" rel=\"GALL_A\"><br \/>\n<img loading=\"lazy\" decoding=\"async\" class=\"alignnone size-medium wp-image-2415\" src=\"https:\/\/sabineschaefer.de\/wp-content\/uploads\/2019\/08\/06-focus_Vernissage_Lilo-Maisch-300x199.jpg\" alt=\"\u201ein focus\u201c GEDOK Forum Karlsruhe, 22.06.-14.07.2019, Photo: Anna-Maria Letsch\" width=\"300\" height=\"199\" \/><\/a><\/p>\n<p><a class=\"fancybox\" href=\"https:\/\/sabineschaefer.de\/wp-content\/uploads\/2019\/08\/05-focus_werke-8.jpg\" rel=\"GALL_A\"><br \/>\n<img loading=\"lazy\" decoding=\"async\" class=\"alignnone size-medium wp-image-2415\" src=\"https:\/\/sabineschaefer.de\/wp-content\/uploads\/2019\/08\/05-focus_werke-8-300x169.jpg\" alt=\"\u201ein focus\u201c GEDOK Forum Karlsruhe, 22.06.-14.07.2019, Photo: Anna-Maria Letsch\" width=\"300\" height=\"169\" \/><\/a><\/p>\n<p><a class=\"fancybox\" href=\"https:\/\/sabineschaefer.de\/wp-content\/uploads\/2019\/08\/05-focus_werke-6.jpg\" rel=\"GALL_A\"><br \/>\n<img loading=\"lazy\" decoding=\"async\" class=\"alignnone size-medium wp-image-2415\" src=\"https:\/\/sabineschaefer.de\/wp-content\/uploads\/2019\/08\/05-focus_werke-6-300x200.jpg\" alt=\"\u201ein focus\u201c GEDOK Forum Karlsruhe, 22.06.-14.07.2019, Photo: Anna-Maria Letsch\" width=\"300\" height=\"200\" \/><\/a><\/p>\n<p><a class=\"fancybox\" href=\"https:\/\/sabineschaefer.de\/wp-content\/uploads\/2019\/08\/05-focus_werke-1c.jpg\" rel=\"GALL_A\"><br \/>\n<img loading=\"lazy\" decoding=\"async\" class=\"alignnone size-medium wp-image-2415\" src=\"https:\/\/sabineschaefer.de\/wp-content\/uploads\/2019\/08\/05-focus_werke-1c-300x169.jpg\" alt=\"\u201ein focus\u201c GEDOK Forum Karlsruhe, 22.06.-14.07.2019, Photo: Anna-Maria Letsch\" width=\"300\" height=\"169\" \/><\/a><\/p>\n<p><a class=\"fancybox\" href=\"https:\/\/sabineschaefer.de\/wp-content\/uploads\/2019\/08\/02-focus_Vernissage-Rede_Huennekens.jpg\" rel=\"GALL_A\"><br \/>\n<img loading=\"lazy\" decoding=\"async\" class=\"alignnone size-medium wp-image-2415\" src=\"https:\/\/sabineschaefer.de\/wp-content\/uploads\/2019\/08\/02-focus_Vernissage-Rede_Huennekens-300x199.jpg\" alt=\"\u201ein focus\u201c GEDOK Forum Karlsruhe, 22.06.-14.07.2019, Photo: Anna-Maria Letsch\" width=\"300\" height=\"199\" \/><\/a><\/p>\n<p><a class=\"fancybox\" href=\"https:\/\/sabineschaefer.de\/wp-content\/uploads\/2019\/08\/01-focus_Vernissage-2.jpg\" rel=\"GALL_A\"><br \/>\n<img loading=\"lazy\" decoding=\"async\" class=\"alignnone size-medium wp-image-2415\" src=\"https:\/\/sabineschaefer.de\/wp-content\/uploads\/2019\/08\/01-focus_Vernissage-2-300x199.jpg\" alt=\"\u201ein focus\u201c GEDOK Forum Karlsruhe, 22.06.-14.07.2019, Photo: Anna-Maria Letsch\" width=\"300\" height=\"199\" \/><\/a><\/p>\n<\/div>\n<p><span style=\"color: #000000;\"><span style=\"font-family: Arial, sans-serif;\"><span style=\"font-size: small;\">Eine der effektivsten und revolution\u00e4rsten Techniken der Reduktion und Konzentration ist die Fokussierung auf die Dingwelt als Ausgangsmaterial, um zum Wesen der Dinge vorzudringen und schlie\u00dflich vielerlei Neusch\u00f6pfungen hervorzubringen. Anhand konsequenten Fokussierens hat die Kunst seit jeher die Pforten der Wahrnehmung f\u00fcr transhumanes Sein ge\u00f6ffnet und eine \u00c4sthetik des Hybriden generiert, die gegenw\u00e4rtig h\u00e4ufig einer rhizomatischen Logik und einer algorithmischen Form folgt.<\/span><\/span><\/span><\/p>\n<p><span style=\"font-family: Arial, sans-serif;\"><span style=\"font-size: small;\">Das konsequenteste Ergebnis der Technisierung unseres Wahrnehmungsapparates ist wohl die Reduktion auf eine Sein\/ Nicht-Sein Situation des Digitalen.<\/span><\/span><\/p>\n<p><span style=\"color: #000000;\"><span style=\"font-family: Arial, sans-serif;\"><span style=\"font-size: small;\">Drei k\u00fcnstlerische Positionen nehmen hierauf Bezug, indem sie den Betrachterstandpunkt variieren und ihn zwischen technischem Apparat und sensuellem Organ bis in das Objekt hinein skalieren. Das Kunstwerk \u00fcbernimmt dabei die Rolle des Transmitters, es f\u00fchrt die Apparaturen, Destillate und transhumanen Formationspotentiale in den menschlichen Bereich des Wahrnehmbaren zur\u00fcck und hinterl\u00e4sst dabei eine leise Ahnung der Erhabenheit universalen Seins und seiner vielf\u00e4ltigen Subtexte.<\/span><\/span><\/span><\/p>\n<p><span style=\"color: #000000;\"><span style=\"font-family: Arial, sans-serif;\"><span style=\"font-size: small;\">In diesem Sinne dringen Astrid Hansen, Birgit Spahlinger und Sabine Sch\u00e4fer durch eine je eigene Weise medialen Fokussierens nicht nur zu einer Art &#8218;Grund&#8216; vor, sondern sie kreieren Begr\u00fcndungen von Information, Wahrnehmung und Existenz.<\/span><\/span><\/span><\/p>\n<p><span style=\"font-family: Arial, sans-serif;\"><span style=\"font-size: small;\">Dr. Annette H\u00fcnnekens<\/span><\/span><\/p>\n<p>&nbsp;<\/p>\n<p><span style=\"font-family: Arial, sans-serif;\"><span style=\"font-size: small;\"><strong>Vernissage:<\/strong><br \/>\n<\/span><\/span><span style=\"font-family: Arial, sans-serif;\"><span style=\"font-size: small;\">Sa. 22.06. 20 Uhr<br \/>\n<\/span><\/span><span style=\"font-family: Arial, sans-serif;\"><span style=\"font-size: small;\">Einf\u00fchrung:<br \/>\n<\/span><\/span><span style=\"font-family: Arial, sans-serif;\"><span style=\"font-size: small;\">Dr. Annette H\u00fcnnekens, Medienkunstwissenschaftlerin<br \/>\n<a href=\"https:\/\/sabineschaefer.de\/wp-content\/uploads\/2019\/08\/Einfuehrungsrede_AnHue_Ausstellung-in-focus_GEDOK-2019.pdf\">Einf\u00fchrungsrede<\/a><br \/>\n<\/span><\/span><\/p>\n<p><span style=\"font-family: Arial, sans-serif;\"><span style=\"font-size: small;\">Musikalisches Rahmenprogramm:<br \/>\n<\/span><\/span><span style=\"font-family: Arial, sans-serif;\"><span style=\"font-size: small;\">EndoMikroSonoSkopische Klangkompositionen von Sabine Sch\u00e4fer<br \/>\n<\/span><\/span><span style=\"font-family: Arial, sans-serif;\"><span style=\"font-size: small;\">\u00d6ffnungszeiten:<br \/>\n<\/span><\/span><span style=\"font-family: Arial, sans-serif;\"><span style=\"font-size: small;\">Mi. \u2013 Fr. 17 \u2013 19 Uhr. Sa. + So. 14 \u2013 16 Uhr<\/span><\/span><\/p>\n<p><span style=\"font-family: Arial, sans-serif;\"><span style=\"font-size: small;\"><strong>Finissage<\/strong><br \/>\n<\/span><\/span><span style=\"font-family: Arial, sans-serif;\"><span style=\"font-size: small;\">14.07.2019, 16 Uhr \/ die K\u00fcnstlerinnen werden anwesend sein.<br \/>\n<\/span><\/span><\/p>\n<p><span style=\"font-family: Arial, sans-serif;\"><span style=\"font-size: small;\">Ausstellungsort:<br \/>\n<\/span><\/span><span style=\"font-family: Arial, sans-serif;\"><span style=\"font-size: small;\">GEDOK K\u00fcnstlerinnenforum Karlsruhe<br \/>\n<\/span><\/span><span style=\"font-family: Arial, sans-serif;\"><span style=\"font-size: small;\">Markgrafenstr.14, 76131 Karlsruhe<br \/>\n<\/span><\/span><span style=\"color: #0000ff;\"><u><span style=\"font-family: Arial, sans-serif;\"><span style=\"font-size: small;\">www.gedok-karlsruhe.de <\/span><\/span><\/u><\/span><\/p>\n","protected":false},"excerpt":{"rendered":"<p>K\u00fcnstlerinnenforum GEDOK Karlsruhe 23.06. &#8211; 14.07.2019 Astrid Hansen, Birgit Spahlinger, Sabine Sch\u00e4fer in focus. Art \u2013 Science \u2013 Nature Drei unterschiedliche Positionen der zeitgen\u00f6ssischen Medienkunst und Fotografie Er\u00f6ffnung 22.06.2019, 20 Uhr Einladungskarte &nbsp; Bildergalerie ansehen: Eine der effektivsten und revolution\u00e4rsten Techniken der Reduktion und Konzentration ist die Fokussierung auf die Dingwelt als Ausgangsmaterial, um zum [&hellip;]<\/p>\n","protected":false},"author":1,"featured_media":0,"comment_status":"open","ping_status":"open","sticky":false,"template":"","format":"standard","meta":{"_et_pb_use_builder":"","_et_pb_old_content":"","_et_gb_content_width":"","h5ap_radio_sources":[],"footnotes":"","_links_to":"","_links_to_target":""},"categories":[210],"tags":[],"class_list":["post-2342","post","type-post","status-publish","format-standard","hentry","category-archiv-werkliste"],"_links":{"self":[{"href":"https:\/\/sabineschaefer.de\/index.php?rest_route=\/wp\/v2\/posts\/2342","targetHints":{"allow":["GET"]}}],"collection":[{"href":"https:\/\/sabineschaefer.de\/index.php?rest_route=\/wp\/v2\/posts"}],"about":[{"href":"https:\/\/sabineschaefer.de\/index.php?rest_route=\/wp\/v2\/types\/post"}],"author":[{"embeddable":true,"href":"https:\/\/sabineschaefer.de\/index.php?rest_route=\/wp\/v2\/users\/1"}],"replies":[{"embeddable":true,"href":"https:\/\/sabineschaefer.de\/index.php?rest_route=%2Fwp%2Fv2%2Fcomments&post=2342"}],"version-history":[{"count":22,"href":"https:\/\/sabineschaefer.de\/index.php?rest_route=\/wp\/v2\/posts\/2342\/revisions"}],"predecessor-version":[{"id":6232,"href":"https:\/\/sabineschaefer.de\/index.php?rest_route=\/wp\/v2\/posts\/2342\/revisions\/6232"}],"wp:attachment":[{"href":"https:\/\/sabineschaefer.de\/index.php?rest_route=%2Fwp%2Fv2%2Fmedia&parent=2342"}],"wp:term":[{"taxonomy":"category","embeddable":true,"href":"https:\/\/sabineschaefer.de\/index.php?rest_route=%2Fwp%2Fv2%2Fcategories&post=2342"},{"taxonomy":"post_tag","embeddable":true,"href":"https:\/\/sabineschaefer.de\/index.php?rest_route=%2Fwp%2Fv2%2Ftags&post=2342"}],"curies":[{"name":"wp","href":"https:\/\/api.w.org\/{rel}","templated":true}]}}