{"id":2370,"date":"2019-06-07T05:45:53","date_gmt":"2019-06-07T05:45:53","guid":{"rendered":"http:\/\/sabineschaefer.de\/?p=2370"},"modified":"2022-12-20T12:43:41","modified_gmt":"2022-12-20T12:43:41","slug":"04-06-2017-vom-kunstvollen-klang-der-schrecken","status":"publish","type":"post","link":"https:\/\/sabineschaefer.de\/?p=2370&lang=de","title":{"rendered":"04.07.2017, Vom kunstvollen Klang der Schrecken"},"content":{"rendered":"<p><span style=\"font-size: 18pt;\">Vortrag<\/span><br \/>\n<span style=\"font-size: 18pt;\"><strong>Vom kunstvollen Klang der Schrecken<\/strong><br \/>\nSabine Sch\u00e4fer und Dr. Manfred Verhaagh<\/span><\/p>\n<p>Staatl. Museum f\u00fcr Naturkunde Karlsruhe, 4. Juli 2017, 18.30 Uhr<br \/>\nDer Mikrokosmos der Insektenkl\u00e4nge in der Werkreihe \u201eTopoSonic Spheres\u201c des K\u00fcnstlerpaares &lt;SA\/JO&gt;<br \/>\nSabine Sch\u00e4fer und Dr. Manfred Verhaagh<\/p>\n","protected":false},"excerpt":{"rendered":"<p>Vortrag Vom kunstvollen Klang der Schrecken Sabine Sch\u00e4fer und Dr. Manfred Verhaagh Staatl. Museum f\u00fcr Naturkunde Karlsruhe, 4. Juli 2017, 18.30 Uhr Der Mikrokosmos der Insektenkl\u00e4nge in der Werkreihe \u201eTopoSonic Spheres\u201c des K\u00fcnstlerpaares &lt;SA\/JO&gt; Sabine Sch\u00e4fer und Dr. Manfred Verhaagh<\/p>\n","protected":false},"author":1,"featured_media":0,"comment_status":"open","ping_status":"open","sticky":false,"template":"","format":"standard","meta":{"_et_pb_use_builder":"","_et_pb_old_content":"","_et_gb_content_width":"","h5ap_radio_sources":[],"footnotes":"","_links_to":"","_links_to_target":""},"categories":[216],"tags":[],"class_list":["post-2370","post","type-post","status-publish","format-standard","hentry","category-vortraege"],"_links":{"self":[{"href":"https:\/\/sabineschaefer.de\/index.php?rest_route=\/wp\/v2\/posts\/2370","targetHints":{"allow":["GET"]}}],"collection":[{"href":"https:\/\/sabineschaefer.de\/index.php?rest_route=\/wp\/v2\/posts"}],"about":[{"href":"https:\/\/sabineschaefer.de\/index.php?rest_route=\/wp\/v2\/types\/post"}],"author":[{"embeddable":true,"href":"https:\/\/sabineschaefer.de\/index.php?rest_route=\/wp\/v2\/users\/1"}],"replies":[{"embeddable":true,"href":"https:\/\/sabineschaefer.de\/index.php?rest_route=%2Fwp%2Fv2%2Fcomments&post=2370"}],"version-history":[{"count":6,"href":"https:\/\/sabineschaefer.de\/index.php?rest_route=\/wp\/v2\/posts\/2370\/revisions"}],"predecessor-version":[{"id":6836,"href":"https:\/\/sabineschaefer.de\/index.php?rest_route=\/wp\/v2\/posts\/2370\/revisions\/6836"}],"wp:attachment":[{"href":"https:\/\/sabineschaefer.de\/index.php?rest_route=%2Fwp%2Fv2%2Fmedia&parent=2370"}],"wp:term":[{"taxonomy":"category","embeddable":true,"href":"https:\/\/sabineschaefer.de\/index.php?rest_route=%2Fwp%2Fv2%2Fcategories&post=2370"},{"taxonomy":"post_tag","embeddable":true,"href":"https:\/\/sabineschaefer.de\/index.php?rest_route=%2Fwp%2Fv2%2Ftags&post=2370"}],"curies":[{"name":"wp","href":"https:\/\/api.w.org\/{rel}","templated":true}]}}