{"id":2615,"date":"2022-12-03T10:57:53","date_gmt":"2022-12-03T10:57:53","guid":{"rendered":"http:\/\/sabineschaefer.de\/?p=2615"},"modified":"2022-12-20T14:47:46","modified_gmt":"2022-12-20T14:47:46","slug":"7-02-8-03-2020-wahr-nehmungen","status":"publish","type":"post","link":"https:\/\/sabineschaefer.de\/?p=2615&lang=de","title":{"rendered":"7.02.-8.03.2020 Wahr-nehmungen"},"content":{"rendered":"<p><span style=\"color: #000000; font-family: Arial, Helvetica, sans-serif; font-size: 12pt;\"><b>Sabine Sch\u00e4fer<\/b><\/span><\/p>\n<p><span style=\"font-family: Arial, Helvetica, sans-serif;\"><span style=\"font-size: medium;\"><span style=\"color: #000000;\"><b><span style=\"font-size: 12pt;\">MicroSonic<\/span> Brightness, 2019<\/b><\/span><\/span><\/span><\/p>\n<p><span style=\"font-family: Arial, Helvetica, sans-serif;\"><span style=\"font-size: medium;\"><span style=\"color: #000000;\"><b>Insekten \u2013 Die globalen Ureinwohner<\/b><\/span><\/span><\/span><\/p>\n<p><span style=\"font-family: Arial, Helvetica, sans-serif;\">GEDOK-Forum Karlsruhe, 7.02.-8.03.2020<br \/>\n<\/span><span style=\"font-family: Arial, Helvetica, sans-serif;\">Ausstellung \u201eWahr-nehmungen\u201c (Gruppenausstellung) im Rahmen der Kunstwochen f\u00fcr Klimaschutz<\/span><\/p>\n<p><span style=\"font-family: Arial, Helvetica, sans-serif;\"><span style=\"font-size: 10pt;\"><a name=\"_GoBack\"><\/a><\/span><span style=\"font-size: medium;\"><span style=\"font-size: 10pt;\">Installation mit Klang-Kompositionen, Insekten-Pr\u00e4paraten und Texten von Sabine Stern<\/span><br \/>\n<\/span><\/span><span style=\"font-family: Arial, Helvetica, sans-serif; font-size: 10pt;\">in Kooperation mit dem Naturkundemuseum Karlsruhe (SMNK)<\/span><\/p>\n<p><span style=\"font-family: Arial, Helvetica, sans-serif;\"><a href=\"https:\/\/sabineschaefer.de\/wp-content\/uploads\/2020\/01\/Insektenkasten_Schaefer-edit-komp-Copy-scaled.jpg\"><img loading=\"lazy\" decoding=\"async\" class=\"alignnone wp-image-2669 size-medium\" src=\"https:\/\/sabineschaefer.de\/wp-content\/uploads\/2020\/01\/Insektenkasten_Schaefer-edit-komp-Copy-300x181.jpg\" alt=\"Tierexponate aus: Insekten \u2013 Die globalen Ureinwohner, 2019\" width=\"300\" height=\"181\" srcset=\"https:\/\/sabineschaefer.de\/wp-content\/uploads\/2020\/01\/Insektenkasten_Schaefer-edit-komp-Copy-300x181.jpg 300w, https:\/\/sabineschaefer.de\/wp-content\/uploads\/2020\/01\/Insektenkasten_Schaefer-edit-komp-Copy-1024x618.jpg 1024w, https:\/\/sabineschaefer.de\/wp-content\/uploads\/2020\/01\/Insektenkasten_Schaefer-edit-komp-Copy-1536x927.jpg 1536w, https:\/\/sabineschaefer.de\/wp-content\/uploads\/2020\/01\/Insektenkasten_Schaefer-edit-komp-Copy-scaled.jpg 1988w\" sizes=\"(max-width: 300px) 100vw, 300px\" \/><\/a><\/span><\/p>\n<p><span style=\"font-family: Arial, Helvetica, sans-serif;\"><a href=\"https:\/\/sabineschaefer.de\/wp-content\/uploads\/2020\/01\/Transducer-edit-komp-scaled.jpg\"><img loading=\"lazy\" decoding=\"async\" class=\"alignnone wp-image-2670 size-medium\" src=\"https:\/\/sabineschaefer.de\/wp-content\/uploads\/2020\/01\/Transducer-edit-komp-300x169.jpg\" alt=\"Schall\u00fcbertr\u00e4ger auf dem Schaufenster aus: Insekten \u2013 Die globalen Ureinwohner, 2019\" width=\"300\" height=\"169\" srcset=\"https:\/\/sabineschaefer.de\/wp-content\/uploads\/2020\/01\/Transducer-edit-komp-300x169.jpg 300w, https:\/\/sabineschaefer.de\/wp-content\/uploads\/2020\/01\/Transducer-edit-komp-1024x576.jpg 1024w, https:\/\/sabineschaefer.de\/wp-content\/uploads\/2020\/01\/Transducer-edit-komp-1536x864.jpg 1536w, https:\/\/sabineschaefer.de\/wp-content\/uploads\/2020\/01\/Transducer-edit-komp-2048x1152.jpg 2048w\" sizes=\"(max-width: 300px) 100vw, 300px\" \/><\/a><\/span><\/p>\n<p><span style=\"font-family: Arial, Helvetica, sans-serif;\"><span style=\"font-size: medium;\"><span style=\"color: #000000;\">Insekten existieren seit Jahrmillionen auf unserer Erde, darunter die gro\u00dfe Familie der (Heu-)Schrecken, deren Arten weltweit verbreitet sind. \u00dcber Kulturen und Kontinente hinweg kennt man das Zirpen quasi als eine transkulturelle Sprache. Durch Dehnen des Klangs wird der Klang-Mikrokosmos des Zirpens h\u00f6rbar. Die komponierten Klang-Mikroskopien werden durch Schall\u00fcbertr\u00e4ger, sogenannte Transducer, die am Galerie-Schaufenster kleben, \u00fcber die Glasscheibe auf der Stra\u00dfe als auch im Galerieraum h\u00f6rbar. <\/span><\/span><\/span><\/p>\n<p><span style=\"font-family: Arial, Helvetica, sans-serif;\"><span style=\"font-size: medium;\"><span style=\"color: #000000;\">Ein Tierexponate-Schaukasten des Naturkundemuseums zeigt (Heu-)Schrecken, deren Klang-Mikrokosmos auf der Glasscheibe zu h\u00f6ren ist. <\/span><\/span><\/span><\/p>\n<p><span style=\"font-family: Arial, Helvetica, sans-serif;\"><span style=\"font-size: medium;\"><span style=\"color: #000000;\">Eigene Texte von Sabine Stern kontextualisieren das Ensemble und sind \u00fcber QR-Codes an der Installation zu h\u00f6ren. <\/span><\/span><\/span><\/p>\n<p><span style=\"font-family: Arial, Helvetica, sans-serif;\"><span style=\"font-size: medium;\"><span style=\"color: #000000;\">Weitere Informationen<\/span><\/span><\/span><\/p>\n<p><span style=\"font-family: Arial, Helvetica, sans-serif;\"><span style=\"font-size: medium;\"><a href=\"https:\/\/sabineschaefer.de\/wp-content\/uploads\/2020\/01\/Brosch\u00fcre_p10_Insekten-Ureinwohner.pdf\">PDF-Brosch\u00fcre \u201eKunstwochen f\u00fcr Klimaschutz\u201c<\/a><\/span><\/span><\/p>\n<p><span style=\"font-family: Arial, Helvetica, sans-serif;\"><span style=\"font-size: medium;\"><span style=\"color: #0000ff;\"><u><a href=\"http:\/\/www.gedok-karlsruhe.de\/kunstwochen-klimaschutz\" target=\"_blank\" rel=\"noopener noreferrer\">www.gedok-karlsruhe.de\/kunstwochen-klimaschutz<\/a><\/u><\/span> <\/span><\/span><\/p>\n","protected":false},"excerpt":{"rendered":"<p>Sabine Sch\u00e4fer MicroSonic Brightness, 2019 Insekten \u2013 Die globalen Ureinwohner GEDOK-Forum Karlsruhe, 7.02.-8.03.2020 Ausstellung \u201eWahr-nehmungen\u201c (Gruppenausstellung) im Rahmen der Kunstwochen f\u00fcr Klimaschutz Installation mit Klang-Kompositionen, Insekten-Pr\u00e4paraten und Texten von Sabine Stern in Kooperation mit dem Naturkundemuseum Karlsruhe (SMNK) Insekten existieren seit Jahrmillionen auf unserer Erde, darunter die gro\u00dfe Familie der (Heu-)Schrecken, deren Arten weltweit verbreitet [&hellip;]<\/p>\n","protected":false},"author":2,"featured_media":6487,"comment_status":"open","ping_status":"open","sticky":false,"template":"","format":"standard","meta":{"_et_pb_use_builder":"","_et_pb_old_content":"","_et_gb_content_width":"","h5ap_radio_sources":[],"footnotes":"","_links_to":"","_links_to_target":""},"categories":[198],"tags":[],"class_list":["post-2615","post","type-post","status-publish","format-standard","has-post-thumbnail","hentry","category-ausstellungen-sektion"],"_links":{"self":[{"href":"https:\/\/sabineschaefer.de\/index.php?rest_route=\/wp\/v2\/posts\/2615","targetHints":{"allow":["GET"]}}],"collection":[{"href":"https:\/\/sabineschaefer.de\/index.php?rest_route=\/wp\/v2\/posts"}],"about":[{"href":"https:\/\/sabineschaefer.de\/index.php?rest_route=\/wp\/v2\/types\/post"}],"author":[{"embeddable":true,"href":"https:\/\/sabineschaefer.de\/index.php?rest_route=\/wp\/v2\/users\/2"}],"replies":[{"embeddable":true,"href":"https:\/\/sabineschaefer.de\/index.php?rest_route=%2Fwp%2Fv2%2Fcomments&post=2615"}],"version-history":[{"count":8,"href":"https:\/\/sabineschaefer.de\/index.php?rest_route=\/wp\/v2\/posts\/2615\/revisions"}],"predecessor-version":[{"id":6900,"href":"https:\/\/sabineschaefer.de\/index.php?rest_route=\/wp\/v2\/posts\/2615\/revisions\/6900"}],"wp:featuredmedia":[{"embeddable":true,"href":"https:\/\/sabineschaefer.de\/index.php?rest_route=\/wp\/v2\/media\/6487"}],"wp:attachment":[{"href":"https:\/\/sabineschaefer.de\/index.php?rest_route=%2Fwp%2Fv2%2Fmedia&parent=2615"}],"wp:term":[{"taxonomy":"category","embeddable":true,"href":"https:\/\/sabineschaefer.de\/index.php?rest_route=%2Fwp%2Fv2%2Fcategories&post=2615"},{"taxonomy":"post_tag","embeddable":true,"href":"https:\/\/sabineschaefer.de\/index.php?rest_route=%2Fwp%2Fv2%2Ftags&post=2615"}],"curies":[{"name":"wp","href":"https:\/\/api.w.org\/{rel}","templated":true}]}}