{"id":2618,"date":"2022-12-02T11:02:59","date_gmt":"2022-12-02T11:02:59","guid":{"rendered":"http:\/\/sabineschaefer.de\/?p=2618"},"modified":"2022-12-09T10:17:54","modified_gmt":"2022-12-09T10:17:54","slug":"30-01-14-02-2020-weltenwanderung","status":"publish","type":"post","link":"https:\/\/sabineschaefer.de\/?p=2618&lang=de","title":{"rendered":"29.01. \u2013 14.02.2020 Weltenwanderung"},"content":{"rendered":"<p><span style=\"font-family: Arial, serif;\"><span style=\"font-size: medium;\">Sparkasse Karlsruhe, Filiale Ettlingen Marktplatz<\/span><\/span><\/p>\n<p><span style=\"font-family: Arial, serif;\"><span style=\"font-size: medium;\">Medienkunst \u2013 Einzelausstellung <\/span><\/span><span style=\"font-family: Arial, serif;\"><span style=\"font-size: medium;\">Sabine Sch\u00e4fer<\/span><\/span><\/p>\n<p>&nbsp;<\/p>\n<p><span style=\"font-family: Arial, serif;\"><span style=\"font-size: medium;\"><b>Weltenwanderung<\/b><\/span><\/span><\/p>\n<p><span style=\"font-family: Arial, serif;\"><span style=\"font-size: medium;\"><b>Kunst \u2013 Natur \u2013 Wissenschaft <\/b><\/span><\/span><\/p>\n<p><span style=\"font-family: Arial, serif;\"><span style=\"font-size: medium;\">Eintauchen in den Mikro- und Makrokosmos der Natur <\/span><\/span><\/p>\n<p><span style=\"font-family: Arial, serif;\"><span style=\"font-size: medium;\">Mit Medienkunst von Sabine Sch\u00e4fer Studio &lt;SA\/JO&gt;<\/span><\/span><\/p>\n<div id=\"versteckt\" hidden=\"\"><a href=\"https:\/\/sabineschaefer.de\/wp-content\/uploads\/2020\/01\/1_Kachel-Weltenwanderung.jpg\"><img loading=\"lazy\" decoding=\"async\" class=\"alignnone wp-image-2663 size-medium\" src=\"https:\/\/sabineschaefer.de\/wp-content\/uploads\/2020\/01\/1_Kachel-Weltenwanderung-300x237.jpg\" alt=\"Sabine Sch\u00e4fer: Interaktive Druckgrafiken mit Audio QR-Code\" width=\"300\" height=\"237\" srcset=\"https:\/\/sabineschaefer.de\/wp-content\/uploads\/2020\/01\/1_Kachel-Weltenwanderung-300x237.jpg 300w, https:\/\/sabineschaefer.de\/wp-content\/uploads\/2020\/01\/1_Kachel-Weltenwanderung-1024x810.jpg 1024w, https:\/\/sabineschaefer.de\/wp-content\/uploads\/2020\/01\/1_Kachel-Weltenwanderung.jpg 1517w\" sizes=\"(max-width: 300px) 100vw, 300px\" \/><\/a><\/div>\n<p><a href=\"https:\/\/sabineschaefer.de\/wp-content\/uploads\/2020\/01\/2_ABIOS-Mirrored-yellow-black-low.jpg\"><img loading=\"lazy\" decoding=\"async\" class=\"alignnone wp-image-2659 size-medium\" src=\"https:\/\/sabineschaefer.de\/wp-content\/uploads\/2020\/01\/2_ABIOS-Mirrored-yellow-black-low-300x196.jpg\" alt=\"Sabine Sch\u00e4fer: Interaktive Druckgrafiken mit Audio QR-Code\" width=\"300\" height=\"196\" srcset=\"https:\/\/sabineschaefer.de\/wp-content\/uploads\/2020\/01\/2_ABIOS-Mirrored-yellow-black-low-300x196.jpg 300w, https:\/\/sabineschaefer.de\/wp-content\/uploads\/2020\/01\/2_ABIOS-Mirrored-yellow-black-low.jpg 600w\" sizes=\"(max-width: 300px) 100vw, 300px\" \/><\/a><\/p>\n<p><a href=\"https:\/\/sabineschaefer.de\/wp-content\/uploads\/2020\/01\/1_AMSON-Segmented-komp2-scaled.jpg\"><img loading=\"lazy\" decoding=\"async\" class=\"alignnone wp-image-2661 size-medium\" src=\"https:\/\/sabineschaefer.de\/wp-content\/uploads\/2020\/01\/1_AMSON-Segmented-komp2-191x300.jpg\" alt=\"Sabine Sch\u00e4fer: Interaktive Druckgrafiken mit Audio QR-Code\" width=\"191\" height=\"300\" srcset=\"https:\/\/sabineschaefer.de\/wp-content\/uploads\/2020\/01\/1_AMSON-Segmented-komp2-191x300.jpg 191w, https:\/\/sabineschaefer.de\/wp-content\/uploads\/2020\/01\/1_AMSON-Segmented-komp2-651x1024.jpg 651w, https:\/\/sabineschaefer.de\/wp-content\/uploads\/2020\/01\/1_AMSON-Segmented-komp2-977x1536.jpg 977w, https:\/\/sabineschaefer.de\/wp-content\/uploads\/2020\/01\/1_AMSON-Segmented-komp2-scaled.jpg 1200w\" sizes=\"(max-width: 191px) 100vw, 191px\" \/><\/a><\/p>\n<p><span style=\"font-family: Arial, serif;\"><span style=\"font-size: medium;\">Er\u00f6ffnung: Mi, 29.01.2020, 18.30 Uhr (Einlass ab 18 Uhr) <\/span><\/span><\/p>\n<p><span style=\"font-family: Arial, serif;\"><span style=\"font-size: medium;\">\u00d6ffnungszeiten: Mo \u2013Fr 9 \u2013 18 Uhr <\/span><\/span><\/p>\n<p><span style=\"color: #404041;\"><span style=\"font-family: Arial, serif;\"><b>Begr\u00fc\u00dfung: <\/b><\/span><\/span><span style=\"color: #404041;\"><span style=\"font-family: Arial, serif;\">Thomas Zolk, stv. Regionaldirektor S\u00fcd<\/span><\/span><\/p>\n<p><span style=\"color: #404041;\"><span style=\"font-family: Arial, serif;\"><b>Einf\u00fchrung: <\/b><\/span><\/span><span style=\"color: #404041;\"><span style=\"font-family: Arial, serif;\">Simone Maria Dietz, Kunsthistorikerin<\/span><\/span><b> <\/b><\/p>\n<p><span style=\"color: #404041;\"><span style=\"font-family: Arial, serif;\"><b>Musikalische Umrahmung: <\/b><\/span><\/span><span style=\"color: #404041;\"><span style=\"font-family: Arial, serif;\">komponierte Klang-Mikrokopien von Sabine Sch\u00e4fer<\/span><\/span><\/p>\n<p><span style=\"color: #404041;\"><span style=\"font-family: Arial, serif;\"><b>Ausklang mit Bewirtung<\/b><\/span><\/span><\/p>\n<p><a href=\"https:\/\/sabineschaefer.de\/wp-content\/uploads\/2020\/01\/Vernissage-Sch\u00e4fer.pdf\">Einladungskarte<\/a><\/p>\n<p><span style=\"font-family: Arial, serif;\"><span style=\"font-size: medium;\">Vor allem Rasterelektronenmikroskop-Aufnahmen von Kleinstlebewesen und Satelliten-Aufnahmen der Sonne sind die bildnerischen Grundlagen f\u00fcr die Arbeiten der K\u00fcnstlerin Sabine Sch\u00e4fer. In ihren interaktiven Druckgrafiken und Installationen nutzt sie den QR-Code in Form eines Schmetterlings als bildgebendes Element. Der Code ist aber auch gleichzeitig ein Zugang zu den \u201edahinter liegenden\u201c Audio-Kompositionen. <\/span><\/span><\/p>\n<p><span style=\"font-family: Arial, serif;\"><span style=\"font-size: medium;\">Das Scannen des QR-Codes f\u00fchrt zu einer Abspielseite und der Betrachter h\u00f6rt kunstvoll komponierte Klang-Mikroskopien von Insekten-, Vogel- und Amphibien-Stimmen. Jedes Bild besitzt eine eigene Klang-Sph\u00e4re, die der Betrachter \u00fcber seinen Kopfh\u00f6rer am Smartphone h\u00f6ren kann. <\/span><\/span><\/p>\n<p>\u201e<span style=\"font-family: Arial, serif;\"><span style=\"font-size: medium;\">So zeigt sich in den Arbeiten von Sabine Sch\u00e4fer, wie Verkn\u00fcpfungen in unterschiedlichen Dimensionen ein unsere Zeit pr\u00e4gendes syn\u00e4sthetisches Erleben analoger Welt und digitaler Realit\u00e4t hervorbringen. Dies ber\u00fchrt gleichzeitig grundlegende Prinzipien und Elemente von Kommunikation als Prozesse des Lebens.\u201c (Dr. Annette H\u00fcnnekens)<\/span><\/span><\/p>\n<p><span style=\"font-family: Arial, serif;\"><span style=\"font-size: medium;\">In der Ausstellung werden Tierexponate des Naturkundemuseums Karlsruhe (SMNK) gezeigt, deren Stimmen die K\u00fcnstlerin f\u00fcr ihre Kompositionen verwendet. <\/span><\/span><\/p>\n<p>&nbsp;<\/p>\n<p><span style=\"font-family: Arial, serif;\">Mit freundlicher Unterst\u00fctzung<\/span><\/p>\n<p><span style=\"font-family: Arial, serif;\">Staatliches Museum f\u00fcr Naturkunde Karlsruhe (SMNK)<\/span><\/p>\n<p><span style=\"font-family: Arial, serif;\">Fa. ICON Messe- und Ausstellungsdesign<\/span><\/p>\n","protected":false},"excerpt":{"rendered":"<p>Sparkasse Karlsruhe, Filiale Ettlingen Marktplatz Medienkunst \u2013 Einzelausstellung Sabine Sch\u00e4fer &nbsp; Weltenwanderung Kunst \u2013 Natur \u2013 Wissenschaft Eintauchen in den Mikro- und Makrokosmos der Natur Mit Medienkunst von Sabine Sch\u00e4fer Studio &lt;SA\/JO&gt; Er\u00f6ffnung: Mi, 29.01.2020, 18.30 Uhr (Einlass ab 18 Uhr) \u00d6ffnungszeiten: Mo \u2013Fr 9 \u2013 18 Uhr Begr\u00fc\u00dfung: Thomas Zolk, stv. Regionaldirektor S\u00fcd Einf\u00fchrung: [&hellip;]<\/p>\n","protected":false},"author":2,"featured_media":2663,"comment_status":"open","ping_status":"open","sticky":false,"template":"","format":"standard","meta":{"_et_pb_use_builder":"","_et_pb_old_content":"","_et_gb_content_width":"","h5ap_radio_sources":[],"footnotes":"","_links_to":"","_links_to_target":""},"categories":[198],"tags":[],"class_list":["post-2618","post","type-post","status-publish","format-standard","has-post-thumbnail","hentry","category-ausstellungen-sektion"],"_links":{"self":[{"href":"https:\/\/sabineschaefer.de\/index.php?rest_route=\/wp\/v2\/posts\/2618","targetHints":{"allow":["GET"]}}],"collection":[{"href":"https:\/\/sabineschaefer.de\/index.php?rest_route=\/wp\/v2\/posts"}],"about":[{"href":"https:\/\/sabineschaefer.de\/index.php?rest_route=\/wp\/v2\/types\/post"}],"author":[{"embeddable":true,"href":"https:\/\/sabineschaefer.de\/index.php?rest_route=\/wp\/v2\/users\/2"}],"replies":[{"embeddable":true,"href":"https:\/\/sabineschaefer.de\/index.php?rest_route=%2Fwp%2Fv2%2Fcomments&post=2618"}],"version-history":[{"count":5,"href":"https:\/\/sabineschaefer.de\/index.php?rest_route=\/wp\/v2\/posts\/2618\/revisions"}],"predecessor-version":[{"id":2665,"href":"https:\/\/sabineschaefer.de\/index.php?rest_route=\/wp\/v2\/posts\/2618\/revisions\/2665"}],"wp:featuredmedia":[{"embeddable":true,"href":"https:\/\/sabineschaefer.de\/index.php?rest_route=\/wp\/v2\/media\/2663"}],"wp:attachment":[{"href":"https:\/\/sabineschaefer.de\/index.php?rest_route=%2Fwp%2Fv2%2Fmedia&parent=2618"}],"wp:term":[{"taxonomy":"category","embeddable":true,"href":"https:\/\/sabineschaefer.de\/index.php?rest_route=%2Fwp%2Fv2%2Fcategories&post=2618"},{"taxonomy":"post_tag","embeddable":true,"href":"https:\/\/sabineschaefer.de\/index.php?rest_route=%2Fwp%2Fv2%2Ftags&post=2618"}],"curies":[{"name":"wp","href":"https:\/\/api.w.org\/{rel}","templated":true}]}}