{"id":2717,"date":"2022-12-05T18:14:02","date_gmt":"2022-12-05T18:14:02","guid":{"rendered":"http:\/\/sabineschaefer.de\/?p=2717"},"modified":"2025-03-11T15:52:58","modified_gmt":"2025-03-11T15:52:58","slug":"seit-01-08-2020-green-code","status":"publish","type":"post","link":"https:\/\/sabineschaefer.de\/?p=2717&lang=de","title":{"rendered":"GREEN CODE, Zoologischer Stadtgarten Karlsruhe (Permanent)"},"content":{"rendered":"<p><img loading=\"lazy\" decoding=\"async\" class=\"alignnone size-full wp-image-2836\" style=\"display: none;\" src=\"https:\/\/sabineschaefer.de\/wp-content\/uploads\/2020\/11\/01_2020-08-12-13.58.16_small.jpg\" alt=\"\" width=\"280\" height=\"220\" \/><br \/>\n<span style=\"font-family: Arial, serif;\"><span style=\"font-size: medium;\">Garten-Installation mit Audio-Komposition<br \/>\nPermanente Ausstellung<br \/>\n<\/span><\/span><\/p>\n<p><span style=\"font-family: Arial, serif;\"><span style=\"font-size: medium;\"><span style=\"font-family: Arial, serif;\"><span style=\"font-size: medium;\">Sabine Sch\u00e4fer, Medienk\u00fcnstlerin, Komponistin<br \/>\nUlrich Singer, Landschaftsarchitekt<\/span><\/span><\/span><\/span><\/p>\n<p><span style=\"font-family: Arial, serif;\"><span style=\"font-size: medium;\">Zoologischer Stadtgarten Karlsruhe<br \/>\n\u00d6ffnungszeiten: Mo \u2013So 9 \u2013 18 Uhr<br \/>\n<\/span><\/span><br \/>\nPr\u00e4sentiert im Rahmen des Medienkunst-Festivals<\/p>\n<p>&#8222;Seasons of Media Arts 2020&#8220;<br \/>\n11.09.2020-31.03.2021 <a href=\"https:\/\/zkm.de\/de\/werk\/green-code\" target=\"_blank\" rel=\"noopener noreferrer\"><em>mehr&#8230;<\/em><\/a><\/p>\n<p>mehr zum Festival und der UNESCO City of Media Arts Karlsruhe\u2026 <a href=\"https:\/\/zkm.de\/de\/ausstellung\/2020\/09\/seasons-of-media-arts-2020\" target=\"_blank\" rel=\"noopener noreferrer\"><em>mehr&#8230;<\/em><\/a><\/p>\n<p><span style=\"font-family: Arial, serif;\"><span style=\"font-size: medium;\"><br \/>\nBesichtigung von der Zoobr\u00fccke m\u00f6glich<\/span><\/span><br \/>\n<a class=\"fancybox\" href=\"https:\/\/sabineschaefer.de\/wp-content\/uploads\/2020\/08\/01_2020-08-12-13.58.16_small.jpg\" rel=\"GALL_A\">Bildergalerie ansehen:<\/a><\/p>\n<p><a class=\"fancybox\" href=\"https:\/\/sabineschaefer.de\/wp-content\/uploads\/2020\/08\/01_2020-08-12-13.58.16_small.jpg\" rel=\"GALL_A\"><img loading=\"lazy\" decoding=\"async\" class=\"alignnone size-full wp-image-2720\" src=\"https:\/\/sabineschaefer.de\/wp-content\/uploads\/2020\/08\/01_2020-08-12-13.58.16_small.jpg\" alt=\"GREEN CODE, Zoo Karlsruhe. Foto: Sabine Sch\u00e4fer\" width=\"252\" height=\"142\" srcset=\"https:\/\/sabineschaefer.de\/wp-content\/uploads\/2020\/08\/01_2020-08-12-13.58.16_small.jpg 1008w, https:\/\/sabineschaefer.de\/wp-content\/uploads\/2020\/08\/01_2020-08-12-13.58.16_small-300x169.jpg 300w\" sizes=\"(max-width: 252px) 100vw, 252px\" \/><\/a><\/p>\n<div class=\"fancybox-hidden\">\n<p><a class=\"fancybox\" href=\"https:\/\/sabineschaefer.de\/wp-content\/uploads\/2020\/08\/02_2020-07-30-10.08.46_small.jpg\" rel=\"GALL_A\"><img loading=\"lazy\" decoding=\"async\" class=\"alignnone size-full wp-image-2721\" src=\"https:\/\/sabineschaefer.de\/wp-content\/uploads\/2020\/08\/02_2020-07-30-10.08.46_small.jpg\" alt=\"GREEN CODE, Zoo Karlsruhe. Foto: Sabine Sch\u00e4fer\" width=\"1008\" height=\"567\" srcset=\"https:\/\/sabineschaefer.de\/wp-content\/uploads\/2020\/08\/02_2020-07-30-10.08.46_small.jpg 1008w, https:\/\/sabineschaefer.de\/wp-content\/uploads\/2020\/08\/02_2020-07-30-10.08.46_small-300x169.jpg 300w\" sizes=\"(max-width: 1008px) 100vw, 1008px\" \/><\/a><a class=\"fancybox\" href=\"https:\/\/sabineschaefer.de\/wp-content\/uploads\/2020\/08\/03_2020-07-30-10.04.49_small.jpg\" rel=\"GALL_A\"><img loading=\"lazy\" decoding=\"async\" class=\"alignnone size-full wp-image-2722\" src=\"https:\/\/sabineschaefer.de\/wp-content\/uploads\/2020\/08\/03_2020-07-30-10.04.49_small.jpg\" alt=\"GREEN CODE, Zoo Karlsruhe. Foto: Sabine Sch\u00e4fer\" width=\"567\" height=\"1008\" srcset=\"https:\/\/sabineschaefer.de\/wp-content\/uploads\/2020\/08\/03_2020-07-30-10.04.49_small.jpg 567w, https:\/\/sabineschaefer.de\/wp-content\/uploads\/2020\/08\/03_2020-07-30-10.04.49_small-169x300.jpg 169w\" sizes=\"(max-width: 567px) 100vw, 567px\" \/><\/a><\/p>\n<p><a class=\"fancybox\" href=\"https:\/\/sabineschaefer.de\/wp-content\/uploads\/2020\/08\/04a_2020-07-30-09.57.07_small.jpg\" rel=\"GALL_A\"><img loading=\"lazy\" decoding=\"async\" class=\"alignnone size-full wp-image-2723\" src=\"https:\/\/sabineschaefer.de\/wp-content\/uploads\/2020\/08\/04a_2020-07-30-09.57.07_small.jpg\" alt=\"GREEN CODE, Zoo Karlsruhe. Foto: Sabine Sch\u00e4fer\" width=\"1008\" height=\"567\" srcset=\"https:\/\/sabineschaefer.de\/wp-content\/uploads\/2020\/08\/04a_2020-07-30-09.57.07_small.jpg 1008w, https:\/\/sabineschaefer.de\/wp-content\/uploads\/2020\/08\/04a_2020-07-30-09.57.07_small-300x169.jpg 300w\" sizes=\"(max-width: 1008px) 100vw, 1008px\" \/><\/a><\/p>\n<p><a class=\"fancybox\" href=\"https:\/\/sabineschaefer.de\/wp-content\/uploads\/2020\/08\/04b_2020-07-30-10.21.48_small.jpg\" rel=\"GALL_A\"><img loading=\"lazy\" decoding=\"async\" class=\"alignnone size-full wp-image-2724\" src=\"https:\/\/sabineschaefer.de\/wp-content\/uploads\/2020\/08\/04b_2020-07-30-10.21.48_small.jpg\" alt=\"GREEN CODE, Zoo Karlsruhe. Foto: Sabine Sch\u00e4fer\" width=\"567\" height=\"1008\" srcset=\"https:\/\/sabineschaefer.de\/wp-content\/uploads\/2020\/08\/04b_2020-07-30-10.21.48_small.jpg 567w, https:\/\/sabineschaefer.de\/wp-content\/uploads\/2020\/08\/04b_2020-07-30-10.21.48_small-169x300.jpg 169w\" sizes=\"(max-width: 567px) 100vw, 567px\" \/><\/a><\/p>\n<p><a class=\"fancybox\" href=\"https:\/\/sabineschaefer.de\/wp-content\/uploads\/2020\/08\/05_2020-07-30-11.05.10_small.jpg\" rel=\"GALL_A\"><img loading=\"lazy\" decoding=\"async\" class=\"alignnone size-full wp-image-2725\" src=\"https:\/\/sabineschaefer.de\/wp-content\/uploads\/2020\/08\/05_2020-07-30-11.05.10_small.jpg\" alt=\"GREEN CODE, Zoo Karlsruhe. Foto: Sabine Sch\u00e4fer\" width=\"1008\" height=\"567\" srcset=\"https:\/\/sabineschaefer.de\/wp-content\/uploads\/2020\/08\/05_2020-07-30-11.05.10_small.jpg 1008w, https:\/\/sabineschaefer.de\/wp-content\/uploads\/2020\/08\/05_2020-07-30-11.05.10_small-300x169.jpg 300w\" sizes=\"(max-width: 1008px) 100vw, 1008px\" \/><\/a><\/p>\n<p><a class=\"fancybox\" href=\"https:\/\/sabineschaefer.de\/wp-content\/uploads\/2020\/08\/06_2020-07-30-11.31.39_small.jpg\" rel=\"GALL_A\"><img loading=\"lazy\" decoding=\"async\" class=\"alignnone size-full wp-image-2726\" src=\"https:\/\/sabineschaefer.de\/wp-content\/uploads\/2020\/08\/06_2020-07-30-11.31.39_small.jpg\" alt=\"GREEN CODE, Zoo Karlsruhe. Foto: Sabine Sch\u00e4fer\" width=\"567\" height=\"1008\" srcset=\"https:\/\/sabineschaefer.de\/wp-content\/uploads\/2020\/08\/06_2020-07-30-11.31.39_small.jpg 567w, https:\/\/sabineschaefer.de\/wp-content\/uploads\/2020\/08\/06_2020-07-30-11.31.39_small-169x300.jpg 169w\" sizes=\"(max-width: 567px) 100vw, 567px\" \/><\/a><\/p>\n<p><a class=\"fancybox\" href=\"https:\/\/sabineschaefer.de\/wp-content\/uploads\/2020\/08\/07_2020-07-30-13.06.08_small.jpg\" rel=\"GALL_A\"><img loading=\"lazy\" decoding=\"async\" class=\"alignnone size-full wp-image-2727\" src=\"https:\/\/sabineschaefer.de\/wp-content\/uploads\/2020\/08\/07_2020-07-30-13.06.08_small.jpg\" alt=\"GREEN CODE, Zoo Karlsruhe. Foto: Sabine Sch\u00e4fer\" width=\"1008\" height=\"567\" srcset=\"https:\/\/sabineschaefer.de\/wp-content\/uploads\/2020\/08\/07_2020-07-30-13.06.08_small.jpg 1008w, https:\/\/sabineschaefer.de\/wp-content\/uploads\/2020\/08\/07_2020-07-30-13.06.08_small-300x169.jpg 300w\" sizes=\"(max-width: 1008px) 100vw, 1008px\" \/><\/a><\/p>\n<p><a class=\"fancybox\" href=\"https:\/\/sabineschaefer.de\/wp-content\/uploads\/2020\/08\/08_2020-07-30-13.13.04_small.jpg\" rel=\"GALL_A\"><img loading=\"lazy\" decoding=\"async\" class=\"alignnone size-full wp-image-2728\" src=\"https:\/\/sabineschaefer.de\/wp-content\/uploads\/2020\/08\/08_2020-07-30-13.13.04_small.jpg\" alt=\"GREEN CODE, Zoo Karlsruhe. Foto: Sabine Sch\u00e4fer\" width=\"1008\" height=\"567\" srcset=\"https:\/\/sabineschaefer.de\/wp-content\/uploads\/2020\/08\/08_2020-07-30-13.13.04_small.jpg 1008w, https:\/\/sabineschaefer.de\/wp-content\/uploads\/2020\/08\/08_2020-07-30-13.13.04_small-300x169.jpg 300w\" sizes=\"(max-width: 1008px) 100vw, 1008px\" \/><\/a><\/p>\n<p><a class=\"fancybox\" href=\"https:\/\/sabineschaefer.de\/wp-content\/uploads\/2020\/08\/09_GREENCODE-Zoo_small.jpg\" rel=\"GALL_A\"><img loading=\"lazy\" decoding=\"async\" class=\"alignnone size-full wp-image-2729\" src=\"https:\/\/sabineschaefer.de\/wp-content\/uploads\/2020\/08\/09_GREENCODE-Zoo_small.jpg\" alt=\"GREEN CODE, Zoo Karlsruhe. Foto: Eva Kaltenbach\" width=\"504\" height=\"378\" srcset=\"https:\/\/sabineschaefer.de\/wp-content\/uploads\/2020\/08\/09_GREENCODE-Zoo_small.jpg 504w, https:\/\/sabineschaefer.de\/wp-content\/uploads\/2020\/08\/09_GREENCODE-Zoo_small-300x225.jpg 300w\" sizes=\"(max-width: 504px) 100vw, 504px\" \/><\/a><\/p>\n<p><a class=\"fancybox\" href=\"https:\/\/sabineschaefer.de\/wp-content\/uploads\/2020\/08\/10_2020-08-12-13.58.12_small.jpg\" rel=\"GALL_A\"><img loading=\"lazy\" decoding=\"async\" class=\"alignnone size-full wp-image-2730\" src=\"https:\/\/sabineschaefer.de\/wp-content\/uploads\/2020\/08\/10_2020-08-12-13.58.12_small.jpg\" alt=\"GREEN CODE, Zoo Karlsruhe. Foto: Sabine Sch\u00e4fer\" width=\"1008\" height=\"567\" srcset=\"https:\/\/sabineschaefer.de\/wp-content\/uploads\/2020\/08\/10_2020-08-12-13.58.12_small.jpg 1008w, https:\/\/sabineschaefer.de\/wp-content\/uploads\/2020\/08\/10_2020-08-12-13.58.12_small-300x169.jpg 300w\" sizes=\"(max-width: 1008px) 100vw, 1008px\" \/><\/a><\/p>\n<\/div>\n<h4><\/h4>\n<h4><\/h4>\n<h4>Einweihung, 17.09.2020<\/h4>\n<p>mit den K\u00fcnstlern Ulrich Singer, Sabine Sch\u00e4fer, den Vertretern der Stadt Karlsruhe (Susanne Asche, Kulturamtsleiterin, Oberb\u00fcrgermeister Frank Mentrup) und den Zoodirektoren Matthias Reinschmidt und Clemens Becker, Vorsitzender der Artenschutzstiftung und der Zooarchitektin Eva Kaltenbach (v.l.n.r.)<\/p>\n<div id=\"attachment_2751\" style=\"width: 438px\" class=\"wp-caption alignnone\"><a href=\"https:\/\/sabineschaefer.de\/wp-content\/uploads\/2020\/09\/Einweihung-GreenCode_Deible-scaled.jpg\"><img loading=\"lazy\" decoding=\"async\" aria-describedby=\"caption-attachment-2751\" class=\"wp-image-2751\" src=\"https:\/\/sabineschaefer.de\/wp-content\/uploads\/2020\/09\/Einweihung-GreenCode_Deible-scaled.jpg\" alt=\"GREEN CODE, Foto: Timo Deible\/Zoo Karlsruhe\" width=\"428\" height=\"285\" srcset=\"https:\/\/sabineschaefer.de\/wp-content\/uploads\/2020\/09\/Einweihung-GreenCode_Deible-scaled.jpg 1800w, https:\/\/sabineschaefer.de\/wp-content\/uploads\/2020\/09\/Einweihung-GreenCode_Deible-300x200.jpg 300w, https:\/\/sabineschaefer.de\/wp-content\/uploads\/2020\/09\/Einweihung-GreenCode_Deible-1024x683.jpg 1024w\" sizes=\"(max-width: 428px) 100vw, 428px\" \/><\/a><p id=\"caption-attachment-2751\" class=\"wp-caption-text\">GREEN CODE Einweihung Zoo Karlsruhe 17.09.2020<br \/>Foto: Timo Deible\/Zoo Karlsruhe<\/p><\/div>\n<p>VIDEO CLIP zur Einweihung auf der Facebook-Seite des Zoo Karlsruhe<br \/>\n<a href=\"https:\/\/www.facebook.com\/zoo.stadtgarten.karlsruhe\/videos\/420031198963228\" target=\"_blank\" rel=\"noopener noreferrer\">https:\/\/www.facebook.com\/zoo.stadtgarten.karlsruhe\/videos\/420031198963228<\/a><\/p>\n<p>&nbsp;<\/p>\n<h3>Die Garten-Installation<\/h3>\n<p>Auf erdigem Grund liegt die Metallplatte eines QR-Codes. Rasen ist zwischen den QR-Code-L\u00fccken einges\u00e4t. Die Anordnung der Pixel-Quadrate bildet f\u00fcr das menschliche Auge die Form eines Schmetterlings. Dieser steht ikonenhaft f\u00fcr die Welt der Insekten. Aus den QR-Code-L\u00fccken w\u00e4chst das Gras. Doch je l\u00e4nger die Grashalme wachsen und sich durch die Freifl\u00e4chen des Codes hindurch dr\u00e4ngen, desto unkenntlicher und unleserlicher wird der Code. Irgendwann wird dann das Gras wieder zur\u00fcckgeschnitten und der Prozess beginnt von vorn.<\/p>\n<p>Man erlebt den magentafarbenen Schmetterlingscode ver\u00e4nderlich, mal ist er zugewachsen, mal klar erkennbar. Die Verbindung von Natur und Kultur scheint uns hier eine zus\u00e4tzliche Information zu \u00fcbermitteln. Und zwar die Tatsache, dass sich Hybride, wenn sie lebendige Anteile haben, zugunsten des einen oder anderen Parts ver\u00e4ndern! In diesem Fall zugunsten der alle Kultur \u00fcberdauernden Natur.<\/p>\n<h3>Die Audio-Komposition<\/h3>\n<p>\u00dcber den, auf der nebenstehenden Werktafel abgebildeten, QR-Code gelangt der Besucher per Smartphone\/Tablet zur Klangkomposition. Werfen Sie einen \u201emikroskopischen Blick\u201c in den Klang-Mikrokosmos von Insektenstimmen!<\/p>\n<p>Die Tierstimmen bilden die Grundlage der kunstvoll gestalteten Klangkompositionen von Sabine Sch\u00e4fer. Die Kompositionen wechseln regelm\u00e4\u00dfig!<br \/>\nDas H\u00f6ren \u00fcber Kopfh\u00f6rer wird empfohlen.<\/p>\n<div id=\"attachment_2749\" style=\"width: 2570px\" class=\"wp-caption alignnone\"><a href=\"https:\/\/sabineschaefer.de\/wp-content\/uploads\/2020\/09\/IMG_9489b-scaled.jpg\"><img loading=\"lazy\" decoding=\"async\" aria-describedby=\"caption-attachment-2749\" class=\"size-full wp-image-2749\" src=\"https:\/\/sabineschaefer.de\/wp-content\/uploads\/2020\/09\/IMG_9489b-scaled.jpg\" alt=\"GREEN CODE, Foto: Timo Deible\/Zoo Karlsruhe\" width=\"2560\" height=\"1707\" srcset=\"https:\/\/sabineschaefer.de\/wp-content\/uploads\/2020\/09\/IMG_9489b-scaled.jpg 1800w, https:\/\/sabineschaefer.de\/wp-content\/uploads\/2020\/09\/IMG_9489b-300x200.jpg 300w, https:\/\/sabineschaefer.de\/wp-content\/uploads\/2020\/09\/IMG_9489b-1024x683.jpg 1024w\" sizes=\"(max-width: 2560px) 100vw, 2560px\" \/><\/a><p id=\"caption-attachment-2749\" class=\"wp-caption-text\">GREEN CODE Einweihung Zoo Karlsruhe 17.09.2020<br \/>Foto: Timo Deible\/Zoo Karlsruhe<\/p><\/div>\n<p>&nbsp;<\/p>\n","protected":false},"excerpt":{"rendered":"<p>Garten-Installation mit Audio-Komposition Permanente Ausstellung Sabine Sch\u00e4fer, Medienk\u00fcnstlerin, Komponistin Ulrich Singer, Landschaftsarchitekt Zoologischer Stadtgarten Karlsruhe \u00d6ffnungszeiten: Mo \u2013So 9 \u2013 18 Uhr Pr\u00e4sentiert im Rahmen des Medienkunst-Festivals &#8222;Seasons of Media Arts 2020&#8220; 11.09.2020-31.03.2021 mehr&#8230; mehr zum Festival und der UNESCO City of Media Arts Karlsruhe\u2026 mehr&#8230; Besichtigung von der Zoobr\u00fccke m\u00f6glich Bildergalerie ansehen: Einweihung, 17.09.2020 [&hellip;]<\/p>\n","protected":false},"author":2,"featured_media":2749,"comment_status":"closed","ping_status":"open","sticky":false,"template":"","format":"standard","meta":{"_et_pb_use_builder":"","_et_pb_old_content":"","_et_gb_content_width":"","h5ap_radio_sources":[],"footnotes":"","_links_to":"","_links_to_target":""},"categories":[32,98],"tags":[],"class_list":["post-2717","post","type-post","status-publish","format-standard","has-post-thumbnail","hentry","category-art-works","category-permanent"],"_links":{"self":[{"href":"https:\/\/sabineschaefer.de\/index.php?rest_route=\/wp\/v2\/posts\/2717","targetHints":{"allow":["GET"]}}],"collection":[{"href":"https:\/\/sabineschaefer.de\/index.php?rest_route=\/wp\/v2\/posts"}],"about":[{"href":"https:\/\/sabineschaefer.de\/index.php?rest_route=\/wp\/v2\/types\/post"}],"author":[{"embeddable":true,"href":"https:\/\/sabineschaefer.de\/index.php?rest_route=\/wp\/v2\/users\/2"}],"replies":[{"embeddable":true,"href":"https:\/\/sabineschaefer.de\/index.php?rest_route=%2Fwp%2Fv2%2Fcomments&post=2717"}],"version-history":[{"count":37,"href":"https:\/\/sabineschaefer.de\/index.php?rest_route=\/wp\/v2\/posts\/2717\/revisions"}],"predecessor-version":[{"id":8273,"href":"https:\/\/sabineschaefer.de\/index.php?rest_route=\/wp\/v2\/posts\/2717\/revisions\/8273"}],"wp:featuredmedia":[{"embeddable":true,"href":"https:\/\/sabineschaefer.de\/index.php?rest_route=\/wp\/v2\/media\/2749"}],"wp:attachment":[{"href":"https:\/\/sabineschaefer.de\/index.php?rest_route=%2Fwp%2Fv2%2Fmedia&parent=2717"}],"wp:term":[{"taxonomy":"category","embeddable":true,"href":"https:\/\/sabineschaefer.de\/index.php?rest_route=%2Fwp%2Fv2%2Fcategories&post=2717"},{"taxonomy":"post_tag","embeddable":true,"href":"https:\/\/sabineschaefer.de\/index.php?rest_route=%2Fwp%2Fv2%2Ftags&post=2717"}],"curies":[{"name":"wp","href":"https:\/\/api.w.org\/{rel}","templated":true}]}}