{"id":2827,"date":"2020-11-25T17:25:44","date_gmt":"2020-11-25T17:25:44","guid":{"rendered":"http:\/\/sabineschaefer.de\/?p=2827"},"modified":"2022-12-07T11:38:46","modified_gmt":"2022-12-07T11:38:46","slug":"04-12-20-12-2020-inside-insight-out","status":"publish","type":"post","link":"https:\/\/sabineschaefer.de\/?p=2827&lang=de","title":{"rendered":"04.12 \u2013 20.12.2020 Inside \/ Insight \u2013 Out"},"content":{"rendered":"<p>Video-Installation<br \/>\nprojekt3drei stellt Sophia H\u00fcnnekens vor<\/p>\n<p>GEDOK K\u00fcnstlerinnenforum, Karlsruhe<br \/>\nSchaufenster zur Markgrafenstra\u00dfe und zur Fritz-Erler-Stra\u00dfe<\/p>\n<p>Fr 4.12. \u2013 So 20.12.2020<br \/>\nPr\u00e4sentation f\u00fcr den \u00d6ffentlichen Raum: Mo bis So 16 \u2013 22 Uhr<br \/>\nKuratorinnen: <a href=\"https:\/\/www.projekt3drei.com\/\">projekt3drei<\/a> mit Annette H\u00fcnnekens und Sabine Sch\u00e4fer<\/p>\n<p>&nbsp;<\/p>\n<p><img loading=\"lazy\" decoding=\"async\" class=\"alignnone wp-image-2831\" src=\"https:\/\/sabineschaefer.de\/wp-content\/uploads\/2020\/11\/Inside-Insight-out.jpg\" alt=\"\" width=\"400\" height=\"400\" \/><\/p>\n<p>&nbsp;<\/p>\n<p>Video-Gro\u00dfprojektionen von Kunstwerken der GEDOK-K\u00fcnstlerinnen, dem \u201ezweiten Blick\u201c ausgesetzt.<\/p>\n<p>Die Videoinstallation kann vor der GEDOK besucht werden sowie auf der Homepage der GEDOK.<\/p>\n<p>In der diesj\u00e4hrigen SONDERPR\u00c4SENTATION sind Videoclips der angehenden Fotodesignerin Sophia H\u00fcnnekens zu sehen, die im Loop als Gro\u00dfprojektion auf unterschiedliche Innenseiten der GEDOK projiziert werden. Sie pr\u00e4sentieren dem au\u00dfenstehenden Betrachter eine Auswahl von fotografisch festgehaltenen Kunstwerken der GEDOK-K\u00fcnstlerinnen, die dem jungen \u201edigitalen zweiten Blick\u201c ausgesetzt wurden. Deutlich ist zu erkennen, welcher inneren Dimension und Systemlogik das jeweilige Kunstwerk folgt, was es im Innern zusammenh\u00e4lt.<\/p>\n<p><a class=\"fancybox\" href=\"https:\/\/sabineschaefer.de\/wp-content\/uploads\/2020\/12\/32_20201209_173052.jpg\" rel=\"GALL_A\">Bildergalerie ansehen:<\/a><\/p>\n<p><a class=\"fancybox\" href=\"https:\/\/sabineschaefer.de\/wp-content\/uploads\/2020\/12\/32_20201209_173052.jpg\" rel=\"GALL_A\"><img loading=\"lazy\" decoding=\"async\" class=\"alignnone size-full\" src=\"https:\/\/sabineschaefer.de\/wp-content\/uploads\/2020\/12\/32_20201209_173052.jpg\" alt=\"Inside \/ Insight \u2013 Out, GEDOK K\u00fcnstlerinnenforum Karlsruhe, Foto: Anna-Maria Letsch\" width=\"252\" height=\"142\" \/><\/a><\/p>\n<div class=\"fancybox-hidden\">\n<p><a class=\"fancybox\" href=\"https:\/\/sabineschaefer.de\/wp-content\/uploads\/2020\/12\/32_20201209_173052.jpg\" rel=\"GALL_A\"><\/p>\n<p><\/a><a class=\"fancybox\" href=\"https:\/\/sabineschaefer.de\/wp-content\/uploads\/2020\/12\/32_20201209_173052.jpg\" rel=\"GALL_A\"><img class=\"alignnone\" alt=\"Inside \/ Insight \u2013 Out, GEDOK K\u00fcnstlerinnenforum Karlsruhe, Foto: Anna-Maria Letsch\" width=\"552\" height=\"24\" \/><\/a><\/p>\n<p><a class=\"fancybox\" href=\"https:\/\/sabineschaefer.de\/wp-content\/uploads\/2021\/02\/31_Inside-Insight-Out_05.jpg\" rel=\"GALL_A\"><\/p>\n<p><\/a><a class=\"fancybox\" href=\"https:\/\/sabineschaefer.de\/wp-content\/uploads\/2021\/02\/31_Inside-Insight-Out_05.jpg\" rel=\"GALL_A\"><img class=\"alignnone\" alt=\"Inside \/ Insight \u2013 Out, GEDOK K\u00fcnstlerinnenforum Karlsruhe, Foto: Sabine Sch\u00e4fer\" width=\"531\" height=\"24\" \/><\/a><\/p>\n<p><a class=\"fancybox\" href=\"https:\/\/sabineschaefer.de\/wp-content\/uploads\/2020\/12\/30_20201209_172929.jpg\" rel=\"GALL_A\"><\/p>\n<p><\/a><a class=\"fancybox\" href=\"https:\/\/sabineschaefer.de\/wp-content\/uploads\/2020\/12\/30_20201209_172929.jpg\" rel=\"GALL_A\"><img class=\"alignnone\" alt=\"Inside \/ Insight \u2013 Out, GEDOK K\u00fcnstlerinnenforum Karlsruhe, Foto: Anna-Maria Letsch\" width=\"552\" height=\"24\" \/><\/a><\/p>\n<p><a class=\"fancybox\" href=\"https:\/\/sabineschaefer.de\/wp-content\/uploads\/2020\/12\/28_20201209_172853.jpg\" rel=\"GALL_A\"><br \/>\n<img class=\"alignnone size-full\" alt=\"Inside \/ Insight \u2013 Out, GEDOK K\u00fcnstlerinnenforum Karlsruhe, Foto: Anna-Maria Letsch\" \/><br \/>\n<\/a><\/p>\n<p><a class=\"fancybox\" href=\"https:\/\/sabineschaefer.de\/wp-content\/uploads\/2020\/12\/27_20201209_172846.jpg\" rel=\"GALL_A\"><br \/>\n<img class=\"alignnone size-full\" alt=\"Inside \/ Insight \u2013 Out, GEDOK K\u00fcnstlerinnenforum Karlsruhe, Foto: Anna-Maria Letsch\" \/><br \/>\n<\/a><\/p>\n<p><a class=\"fancybox\" href=\"https:\/\/sabineschaefer.de\/wp-content\/uploads\/2020\/12\/24_20201209_172819.jpg\" rel=\"GALL_A\"><br \/>\n<img class=\"alignnone size-full\" alt=\"Inside \/ Insight \u2013 Out, GEDOK K\u00fcnstlerinnenforum Karlsruhe, Foto: Anna-Maria Letsch\" \/><br \/>\n<\/a><\/p>\n<p><a class=\"fancybox\" href=\"https:\/\/sabineschaefer.de\/wp-content\/uploads\/2020\/12\/23_20201209_172039.jpg\" rel=\"GALL_A\"><br \/>\n<img class=\"alignnone size-full\" alt=\"Inside \/ Insight \u2013 Out, GEDOK K\u00fcnstlerinnenforum Karlsruhe, Foto: Anna-Maria Letsch\" \/><br \/>\n<\/a><\/p>\n<p><a class=\"fancybox\" href=\"https:\/\/sabineschaefer.de\/wp-content\/uploads\/2021\/02\/22_Inside-Insight-Out_11.jpg\" rel=\"GALL_A\"><br \/>\n<img class=\"alignnone size-full\" alt=\"Inside \/ Insight \u2013 Out, GEDOK K\u00fcnstlerinnenforum Karlsruhe, Foto: Sabine Sch\u00e4fer\" \/><br \/>\n<\/a><\/p>\n<p><a class=\"fancybox\" href=\"https:\/\/sabineschaefer.de\/wp-content\/uploads\/2020\/12\/20_20201209_171913.jpg\" rel=\"GALL_A\"><br \/>\n<img class=\"alignnone size-full\" alt=\"Inside \/ Insight \u2013 Out, GEDOK K\u00fcnstlerinnenforum Karlsruhe, Foto: Anna-Maria Letsch\" \/><br \/>\n<\/a><\/p>\n<p><a class=\"fancybox\" href=\"https:\/\/sabineschaefer.de\/wp-content\/uploads\/2021\/02\/19_Inside-Insight-Out_08.jpg\" rel=\"GALL_A\"><br \/>\n<img class=\"alignnone size-full\" alt=\"Inside \/ Insight \u2013 Out, GEDOK K\u00fcnstlerinnenforum Karlsruhe, Foto: Sabine Sch\u00e4fer\" \/><br \/>\n<\/a><\/p>\n<p><a class=\"fancybox\" href=\"https:\/\/sabineschaefer.de\/wp-content\/uploads\/2020\/12\/18_20201209_171902.jpg\" rel=\"GALL_A\"><br \/>\n<img class=\"alignnone size-full\" alt=\"Inside \/ Insight \u2013 Out, GEDOK K\u00fcnstlerinnenforum Karlsruhe, Foto: Anna-Maria Letsch\" \/><br \/>\n<\/a><\/p>\n<p><a class=\"fancybox\" href=\"https:\/\/sabineschaefer.de\/wp-content\/uploads\/2020\/12\/17_20201209_171826.jpg\" rel=\"GALL_A\"><br \/>\n<img class=\"alignnone size-full\" alt=\"Inside \/ Insight \u2013 Out, GEDOK K\u00fcnstlerinnenforum Karlsruhe, Foto: Anna-Maria Letsch\" \/><br \/>\n<\/a><\/p>\n<p><a class=\"fancybox\" href=\"https:\/\/sabineschaefer.de\/wp-content\/uploads\/2021\/02\/16_Inside-Insight-Out_04.jpg\" rel=\"GALL_A\"><br \/>\n<img class=\"alignnone size-full\" alt=\"Inside \/ Insight \u2013 Out, GEDOK K\u00fcnstlerinnenforum Karlsruhe, Foto: Sabine Sch\u00e4fer\" \/><br \/>\n<\/a><\/p>\n<p><a class=\"fancybox\" href=\"https:\/\/sabineschaefer.de\/wp-content\/uploads\/2021\/02\/15_Inside-Insight-Out_01.jpg\" rel=\"GALL_A\"><br \/>\n<img class=\"alignnone size-full\" alt=\"Inside \/ Insight \u2013 Out, GEDOK K\u00fcnstlerinnenforum Karlsruhe, Foto: Sabine Sch\u00e4fer\" \/><br \/>\n<\/a><\/p>\n<p><a class=\"fancybox\" href=\"https:\/\/sabineschaefer.de\/wp-content\/uploads\/2020\/12\/12_20201209_171736.jpg\" rel=\"GALL_A\"><br \/>\n<img class=\"alignnone size-full\" alt=\"Inside \/ Insight \u2013 Out, GEDOK K\u00fcnstlerinnenforum Karlsruhe, Foto: Anna-Maria Letsch\" \/><br \/>\n<\/a><\/p>\n<p><a class=\"fancybox\" href=\"https:\/\/sabineschaefer.de\/wp-content\/uploads\/2020\/12\/11_20201210_162222.jpg\" rel=\"GALL_A\"><br \/>\n<img class=\"alignnone size-full\" alt=\"Inside \/ Insight \u2013 Out, GEDOK K\u00fcnstlerinnenforum Karlsruhe, Foto: Anna-Maria Letsch\" \/><br \/>\n<\/a><\/p>\n<p><a class=\"fancybox\" href=\"https:\/\/sabineschaefer.de\/wp-content\/uploads\/2021\/02\/9_Inside-Insight-Out_10.jpg\" rel=\"GALL_A\"><br \/>\n<img class=\"alignnone size-full\" alt=\"Inside \/ Insight \u2013 Out, GEDOK K\u00fcnstlerinnenforum Karlsruhe, Foto: Sabine Sch\u00e4fer\" \/><br \/>\n<\/a><\/p>\n<p><a class=\"fancybox\" href=\"https:\/\/sabineschaefer.de\/wp-content\/uploads\/2020\/12\/8_20201209_170943.jpg\" rel=\"GALL_A\"><br \/>\n<img class=\"alignnone size-full\" alt=\"Inside \/ Insight \u2013 Out, GEDOK K\u00fcnstlerinnenforum Karlsruhe, Foto: Anna-Maria Letsch\" \/><br \/>\n<\/a><\/p>\n<p><a class=\"fancybox\" href=\"https:\/\/sabineschaefer.de\/wp-content\/uploads\/2021\/02\/6_Inside-Insight-Out_08.jpg\" rel=\"GALL_A\"><br \/>\n<img class=\"alignnone size-full\" alt=\"Inside \/ Insight \u2013 Out, GEDOK K\u00fcnstlerinnenforum Karlsruhe, Foto: Sabine Sch\u00e4fer\" \/><br \/>\n<\/a><\/p>\n<p><a class=\"fancybox\" href=\"https:\/\/sabineschaefer.de\/wp-content\/uploads\/2020\/12\/5_Inside-Insight-Out_07_ssch.jpg\" rel=\"GALL_A\"><br \/>\n<img class=\"alignnone size-full\" alt=\"Inside \/ Insight \u2013 Out, GEDOK K\u00fcnstlerinnenforum Karlsruhe, Foto: Sabine Sch\u00e4fer\" \/><br \/>\n<\/a><\/p>\n<p><a class=\"fancybox\" href=\"https:\/\/sabineschaefer.de\/wp-content\/uploads\/2020\/12\/4_20201209_170054.jpg\" rel=\"GALL_A\"><br \/>\n<img class=\"alignnone size-full\" alt=\"Inside \/ Insight \u2013 Out, GEDOK K\u00fcnstlerinnenforum Karlsruhe, Foto: Anna-Maria Letsch\" \/><br \/>\n<\/a><\/p>\n<p><a class=\"fancybox\" href=\"https:\/\/sabineschaefer.de\/wp-content\/uploads\/2021\/02\/3_Inside-Insight-Out_06.jpg\" rel=\"GALL_A\"><br \/>\n<img class=\"alignnone size-full\" alt=\"Inside \/ Insight \u2013 Out, GEDOK K\u00fcnstlerinnenforum Karlsruhe, Foto: Sabine Sch\u00e4fer\" \/><br \/>\n<\/a><\/p>\n<\/div>\n<p>&nbsp;<\/p>\n<p>&#8218;projekt3drei&#8216; ist ein konzeptionelles internationales Projekt der Fachgruppe &#8222;Fotografie\/ Medienkunst&#8220; und wurde 2014 von den K\u00fcnstlerinnen Astrid Hansen, Birgit Spahlinger und Katrin Eschenberg gegr\u00fcndet. In diesem Jahr hat sich die Gruppe um Sabine Sch\u00e4fer und Ina Annette H\u00fcnnekens erweitert.<\/p>\n<p>Mit der diesj\u00e4hrigen Sonderpr\u00e4sentation von &#8218;projekt3drei&#8216; startet die GEDOK gleichzeitig ihr F\u00f6rderprogramm f\u00fcr junge, angehende K\u00fcnstlerinnen.<\/p>\n<p>F\u00fcr die Er\u00f6ffnung der Pr\u00e4sentation ist kein besonderer Event geplant. Die Videoinstallation kann vor der GEDOK besucht werden. Die Kunstvideos von Sophia H\u00fcnnekens sind zus\u00e4tzlich ab Ausstellungsbeginn, am 4.12. auf der Homepage der GEDOK Karlsruhe zu erleben.<\/p>\n<p>Projektseite der GEDOK <a href=\"https:\/\/www.gedok-karlsruhe.de\/archiv\/2020-ausstellungen\/inside-insight-out\/\" target=\"_blank\" rel=\"noopener\">mehr&#8230;<\/a><\/p>\n","protected":false},"excerpt":{"rendered":"<p>Video-Installation projekt3drei stellt Sophia H\u00fcnnekens vor GEDOK K\u00fcnstlerinnenforum, Karlsruhe Schaufenster zur Markgrafenstra\u00dfe und zur Fritz-Erler-Stra\u00dfe Fr 4.12. \u2013 So 20.12.2020 Pr\u00e4sentation f\u00fcr den \u00d6ffentlichen Raum: Mo bis So 16 \u2013 22 Uhr Kuratorinnen: projekt3drei mit Annette H\u00fcnnekens und Sabine Sch\u00e4fer &nbsp; &nbsp; Video-Gro\u00dfprojektionen von Kunstwerken der GEDOK-K\u00fcnstlerinnen, dem \u201ezweiten Blick\u201c ausgesetzt. Die Videoinstallation kann vor [&hellip;]<\/p>\n","protected":false},"author":3,"featured_media":2831,"comment_status":"open","ping_status":"open","sticky":false,"template":"","format":"standard","meta":{"_et_pb_use_builder":"","_et_pb_old_content":"","_et_gb_content_width":"","h5ap_radio_sources":[],"footnotes":"","_links_to":"","_links_to_target":""},"categories":[105],"tags":[],"class_list":["post-2827","post","type-post","status-publish","format-standard","has-post-thumbnail","hentry","category-kuratorischetaetigkeit"],"_links":{"self":[{"href":"https:\/\/sabineschaefer.de\/index.php?rest_route=\/wp\/v2\/posts\/2827","targetHints":{"allow":["GET"]}}],"collection":[{"href":"https:\/\/sabineschaefer.de\/index.php?rest_route=\/wp\/v2\/posts"}],"about":[{"href":"https:\/\/sabineschaefer.de\/index.php?rest_route=\/wp\/v2\/types\/post"}],"author":[{"embeddable":true,"href":"https:\/\/sabineschaefer.de\/index.php?rest_route=\/wp\/v2\/users\/3"}],"replies":[{"embeddable":true,"href":"https:\/\/sabineschaefer.de\/index.php?rest_route=%2Fwp%2Fv2%2Fcomments&post=2827"}],"version-history":[{"count":26,"href":"https:\/\/sabineschaefer.de\/index.php?rest_route=\/wp\/v2\/posts\/2827\/revisions"}],"predecessor-version":[{"id":6156,"href":"https:\/\/sabineschaefer.de\/index.php?rest_route=\/wp\/v2\/posts\/2827\/revisions\/6156"}],"wp:featuredmedia":[{"embeddable":true,"href":"https:\/\/sabineschaefer.de\/index.php?rest_route=\/wp\/v2\/media\/2831"}],"wp:attachment":[{"href":"https:\/\/sabineschaefer.de\/index.php?rest_route=%2Fwp%2Fv2%2Fmedia&parent=2827"}],"wp:term":[{"taxonomy":"category","embeddable":true,"href":"https:\/\/sabineschaefer.de\/index.php?rest_route=%2Fwp%2Fv2%2Fcategories&post=2827"},{"taxonomy":"post_tag","embeddable":true,"href":"https:\/\/sabineschaefer.de\/index.php?rest_route=%2Fwp%2Fv2%2Ftags&post=2827"}],"curies":[{"name":"wp","href":"https:\/\/api.w.org\/{rel}","templated":true}]}}