{"id":3198,"date":"2022-12-05T10:38:51","date_gmt":"2022-12-05T10:38:51","guid":{"rendered":"http:\/\/sabineschaefer.de\/?p=3198"},"modified":"2023-06-22T08:41:52","modified_gmt":"2023-06-22T08:41:52","slug":"europa-so-nah-so-fern-2021-2","status":"publish","type":"post","link":"https:\/\/sabineschaefer.de\/?p=3198&lang=de","title":{"rendered":"EUROPA &#8211; so nah, so fern, 2021"},"content":{"rendered":"<div id=\"divCheckbox\" style=\"display: none;\"><img decoding=\"async\" src=\"https:\/\/sabineschaefer.de\/wp-content\/uploads\/2021\/05\/04-EUROPA-Installation-komp-scaled.jpg\" \/><\/div>\n<p dir=\"auto\">Sabine Sch\u00e4fer<br \/>\nEUROPA &#8211; so nah, so fern, 2021<\/p>\n<p dir=\"auto\">Audiovisuelle Installation<br \/>\nmit Augmented Reality (AR) und Audio QR-Code<\/p>\n<p dir=\"auto\">Metall, Glas, Grafik, Licht, Audiokomposition,<br \/>\nAR-Anwendung, Notenst\u00e4nder mit Audio QR-Codes auf Alu-Dibond-Tafeln<\/p>\n<p>Premiere<\/p>\n<p>Ausstellung \u201eEuropa, so fern und doch so nah!\u201c, 1.05.-6.06.2021, ZKM Karlsruhe<\/p>\n<p dir=\"auto\">im Rahmen der \u201e25. Europ\u00e4ischen Kulturtage\u201c der Stadt Karlsruhe <a href=\"https:\/\/sabineschaefer.de\/?p=3166&amp;lang=de\"><em>mehr<\/em><\/a><\/p>\n<p><a class=\"fancybox\" href=\"https:\/\/sabineschaefer.de\/wp-content\/uploads\/2021\/05\/04-EUROPA-Installation-komp-scaled.jpg\" rel=\"GALL_A\">Bildergalerie ansehen:<\/a><\/p>\n<p><a class=\"fancybox\" href=\"https:\/\/sabineschaefer.de\/wp-content\/uploads\/2021\/05\/04-EUROPA-Installation-komp-scaled.jpg\" rel=\"GALL_A\"><img loading=\"lazy\" decoding=\"async\" class=\"alignnone size-full wp-image-2723\" src=\"https:\/\/sabineschaefer.de\/wp-content\/uploads\/2021\/05\/04-EUROPA-Installation-komp-scaled.jpg\" alt=\"Europa \u2013 so nah, so fern, Ausstellungsansicht ZKM Karlsruhe, 2021\" width=\"1008\" height=\"567\" \/><\/a><\/p>\n<div class=\"fancybox-hidden\">\n<p><a class=\"fancybox\" href=\"https:\/\/sabineschaefer.de\/wp-content\/uploads\/2021\/05\/05-EUROPA-Installation-komp-scaled.jpg\" rel=\"GALL_A\"><img loading=\"lazy\" decoding=\"async\" class=\"alignnone size-full wp-image-2723\" src=\"https:\/\/sabineschaefer.de\/wp-content\/uploads\/2021\/05\/05-EUROPA-Installation-komp-scaled.jpg\" alt=\"Besucherin scannt das Bild und betrachtet die Augmented Reality auf ihrem Tablet\" width=\"1008\" height=\"567\" \/><\/a><\/p>\n<p><a class=\"fancybox\" href=\"https:\/\/sabineschaefer.de\/wp-content\/uploads\/2021\/05\/07-EUROPA-Installation-komp-scaled.jpg\" rel=\"GALL_A\"><img loading=\"lazy\" decoding=\"async\" class=\"alignnone size-full wp-image-2723\" src=\"https:\/\/sabineschaefer.de\/wp-content\/uploads\/2021\/05\/07-EUROPA-Installation-komp-scaled.jpg\" alt=\"Ausstellungsansicht, ZKM Karlsruhe, 2021\" width=\"1008\" height=\"567\" \/><\/a><\/p>\n<\/div>\n<p><strong>Sabine Sch\u00e4fer. EUROPA &#8211; so nah, so fern, 2021 <\/strong><\/p>\n<p>Das Kernst\u00fcck der Ausstellung ist eine zweiteilige Arbeit der Karlsruher Medienk\u00fcnstlerin und Komponistin Sabine Sch\u00e4fer. Ihre Werke sind Bestandteile der Sammlungen des ZKM und der Stadt Wolfsburg.<\/p>\n<p>Die zweiteilige Arbeit hat visuelle und auditive Komponenten: In das freistehende, leuchtende Leichtmetall-Objekt sind 16 bedruckte Glasplatten eingeh\u00e4ngt. Ihm zugeordnet ist ein Trio aus Notenst\u00e4ndern, welche die Notationen einer dreiteiligen Klangkomposition anhand von gro\u00dfformatigen QR Codes bereithalten.<\/p>\n<p>Die Bildergalerie pr\u00e4sentiert in doppelter Reihen-H\u00e4ngung um das rechteckige Objekt herum farbenfrohe Portraits der Erde in den T\u00f6nen Blau, Gelb-Orange bis hin zu Rot und grellem Wei\u00df.<\/p>\n<p>Diese sind Satellitenaufnahmen von acht kontinentalen Ansichten und ebenso vielen Hauptst\u00e4dten der Europ\u00e4ischen Union und zeigen Ansichten bei Nacht.<\/p>\n<p>Das Basismaterial der Stadtansichten sind Satellitenaufnahmen der ISS, International Space Station, die von Wissenschaftlern f\u00fcr dieses Projekt aufbereitet wurden. Vier von acht der erw\u00e4hnten Gro\u00dfstadtansichten k\u00f6nnen mit einem Smartphone oder Tablet sowie der kostenlosen Augmented Reality-App von ARTIVIVE gescannt werden.<\/p>\n<p>Entgegen der lichtdurchfluteten Gro\u00dfstadtansichten geben die weniger bis gar nicht erleuchteten Ausschnitte der Erde den Blick auf Planquadrate frei, die auf den eher nat\u00fcrlichen Zustand der Erdoberfl\u00e4che verweisen und von der Sonne abgewandt, nicht von selbst leuchten.<\/p>\n<p>Dort, wo uns die Leuchtkraft der St\u00e4dte ihr strukturelles Muster Preis gibt, sind diese durch bl\u00e4ulich anmutende Rahmungen im oberen und unteren Bereich in ein f\u00fcr das Kinobild charakteristisches Querformat geformt. Diese Rahmungen sind \u00e4sthetisch als Erd-Atmosph\u00e4re angedeutet, sie verweisen jedoch im Kontext der Gro\u00dfst\u00e4dte auf das ihnen eigene Ambiente &#8211; den unsichtbaren Dunst, der seit ihrer Entstehung \u00fcber ihnen liegt. Die dekontextualisierte Atmosph\u00e4re wird zur Rahmung und damit zu einem inhaltlichen Element, das als Preis gedeutet werden kann, ohne den weder die Gro\u00dfstadt, noch der Blick auf diese zu haben sind.<\/p>\n<p>Mit Mitteln der Augmented Reality kann der Betrachter per Bild-Scan-App virtuelle Zoom-In- Fahrten in die Gro\u00dfst\u00e4dte, Berlin, Br\u00fcssel, Paris und Rom unternehmen und seinen visuellen und gedanklich assoziativen Blick auf Verl\u00e4ufe und Relationen in Gang setzen bzw. ver\u00e4ndern.<\/p>\n<p>&nbsp;<\/p>\n<div class=\"wp-playlist wp-video-playlist wp-playlist-light\">\n\t\t<video controls=\"controls\" preload=\"none\" width=\"1058\"\n\t\t height=\"1058\"\t><\/video>\n\t<div class=\"wp-playlist-next\"><\/div>\n\t<div class=\"wp-playlist-prev\"><\/div>\n\t<noscript>\n\t<ol>\n\t\t<li><a href='https:\/\/sabineschaefer.de\/wp-content\/uploads\/2021\/06\/Animation-AR_Rom-l3.mp4'>Animation AR_Rom l3<\/a><\/li><li><a href='https:\/\/sabineschaefer.de\/wp-content\/uploads\/2021\/06\/Animation-AR_Paris-l3.mp4'>Animation AR_Paris l3<\/a><\/li><li><a href='https:\/\/sabineschaefer.de\/wp-content\/uploads\/2021\/06\/Animation-AR_Bruessel_CUT-endf.mp4'>Animation AR_Br\u00fcssel_CUT-endf<\/a><\/li><li><a href='https:\/\/sabineschaefer.de\/wp-content\/uploads\/2021\/06\/Animation-AR_Berlin-l1.mp4'>Animation AR_Berlin l1<\/a><\/li>\t<\/ol>\n\t<\/noscript>\n\t<script type=\"application\/json\" class=\"wp-playlist-script\">{\"type\":\"video\",\"tracklist\":true,\"tracknumbers\":true,\"images\":true,\"artists\":true,\"tracks\":[{\"src\":\"https:\/\/sabineschaefer.de\/wp-content\/uploads\/2021\/06\/Animation-AR_Rom-l3.mp4\",\"type\":\"video\/mp4\",\"title\":\"Animation AR_Rom l3\",\"caption\":\"\",\"description\":\"\",\"meta\":{\"length_formatted\":\"0:30\"},\"dimensions\":{\"original\":{\"width\":1488,\"height\":1488},\"resized\":{\"width\":1058,\"height\":1058}},\"image\":{\"src\":\"https:\/\/sabineschaefer.de\/wp-includes\/images\/media\/video.svg\",\"width\":48,\"height\":64},\"thumb\":{\"src\":\"https:\/\/sabineschaefer.de\/wp-includes\/images\/media\/video.svg\",\"width\":48,\"height\":64}},{\"src\":\"https:\/\/sabineschaefer.de\/wp-content\/uploads\/2021\/06\/Animation-AR_Paris-l3.mp4\",\"type\":\"video\/mp4\",\"title\":\"Animation AR_Paris l3\",\"caption\":\"\",\"description\":\"\",\"meta\":{\"length_formatted\":\"0:30\"},\"dimensions\":{\"original\":{\"width\":1488,\"height\":1488},\"resized\":{\"width\":1058,\"height\":1058}},\"image\":{\"src\":\"https:\/\/sabineschaefer.de\/wp-includes\/images\/media\/video.svg\",\"width\":48,\"height\":64},\"thumb\":{\"src\":\"https:\/\/sabineschaefer.de\/wp-includes\/images\/media\/video.svg\",\"width\":48,\"height\":64}},{\"src\":\"https:\/\/sabineschaefer.de\/wp-content\/uploads\/2021\/06\/Animation-AR_Bruessel_CUT-endf.mp4\",\"type\":\"video\/mp4\",\"title\":\"Animation AR_Br\\u00fcssel_CUT-endf\",\"caption\":\"\",\"description\":\"\",\"meta\":{\"length_formatted\":\"0:45\"},\"dimensions\":{\"original\":{\"width\":1488,\"height\":1488},\"resized\":{\"width\":1058,\"height\":1058}},\"image\":{\"src\":\"https:\/\/sabineschaefer.de\/wp-includes\/images\/media\/video.svg\",\"width\":48,\"height\":64},\"thumb\":{\"src\":\"https:\/\/sabineschaefer.de\/wp-includes\/images\/media\/video.svg\",\"width\":48,\"height\":64}},{\"src\":\"https:\/\/sabineschaefer.de\/wp-content\/uploads\/2021\/06\/Animation-AR_Berlin-l1.mp4\",\"type\":\"video\/mp4\",\"title\":\"Animation AR_Berlin l1\",\"caption\":\"\",\"description\":\"\",\"meta\":{\"length_formatted\":\"0:30\"},\"dimensions\":{\"original\":{\"width\":1488,\"height\":1488},\"resized\":{\"width\":1058,\"height\":1058}},\"image\":{\"src\":\"https:\/\/sabineschaefer.de\/wp-includes\/images\/media\/video.svg\",\"width\":48,\"height\":64},\"thumb\":{\"src\":\"https:\/\/sabineschaefer.de\/wp-includes\/images\/media\/video.svg\",\"width\":48,\"height\":64}}]}<\/script>\n<\/div>\n\t\n<p>Die imagin\u00e4ren Kamerafahrten zeigen die weit verzweigten, leuchtenden Stra\u00dfenz\u00fcge der EU Hauptst\u00e4dte in ihrer Vernetzung und Fragilit\u00e4t. Der Faktor Zeit f\u00fchrt diese Fahrten auch gleichfalls in einen historischen roten Faden \u00fcber, ist doch die Entwicklung der Gro\u00dfst\u00e4dte nicht ohne die \u00dcberwindung und Strukturierung von Raum und Zeit zu denken, auch unabh\u00e4ngig von Tag und Nacht. Licht scheint hier symbolisch f\u00fcr die Unterwerfung und Kolonialisierung nicht nur von Raum sondern auch von Zeit zu stehen, und verweist auf die Bem\u00e4chtigung und Beugung physikalischer Gr\u00f6\u00dfen und ihrer Transformation in Energie, Kommunikation und Daten\u00fcbertragung.<\/p>\n<p>Den assoziativen Gedanken an neuronale Zusammenh\u00e4nge, Vernetzung und Netzwerkbildung sind bei einer solchen Betrachtung von einem au\u00dfenstehenden Standpunkt oder besser, von einer astronautischen Blickweise aus, keine Grenzen gesetzt.<\/p>\n<p>So keimt auch der Gedanke an k\u00fcnstliche Welten auf, die sich rund um den Erdball lautlos zu formen und vermehren scheinen, wie die drei Kreismonde auf der Ansicht der Benelux-L\u00e4nder andeuten. Oder ist dies schon die Sichtbarkeit jener Blasen, in denen sich unsere digitale Welt, bis zum Einzelnen hinunter, zur\u00fcckzieht? Vielleicht aber befinden wir uns l\u00e4ngst schon in einem \u201eHimmelfahrtskommando\u201c und blicken aus weiter Ferne auf die uns unmittelbar bevorstehenden Katastrophen, Infernos und Zusammenbr\u00fcche. Der astronautische Blick auf die Erde ist in jedem Fall ein Blick in der Schwebe und ein Blick aus gro\u00dfer Distanz und l\u00e4sst erst auf diese Weise die immensen Dimensionen globaler Wirkkr\u00e4fte erahnen.<\/p>\n<p>Folgerichtig kehren die beiden Bildmotive an den Schmalseiten der Installation die Gr\u00f6\u00dfen der Orientierung schlie\u00dflich konsequent auf den Kopf: So sind alle Horizonte im Hochformat gegeben, sodass sich das Leuchtgeschehen der St\u00e4dte einem Betrachter im nunmehr frei schwebendem Zustand nur noch als glitzernder Lichtregen zeigt, der alles bedeuten kann &#8211; von Kriegen bis hin zu Eruptionen der Erde oder gro\u00dffl\u00e4chigen Waldbr\u00e4nden, deren Ausma\u00df wir tats\u00e4chlich nur durch die Satellitenbilder der Medien erfahren k\u00f6nnen.<\/p>\n<p>Unter diesem globalen Blick tritt Europa in weite Ferne und die Besinnung auf seinen Zusammenschluss vor \u00fcber 70 Jahren zum Zwecke der L\u00f6sung \u00f6konomischer und \u00f6kologischer Aufgabenstellungen l\u00e4sst die europ\u00e4ische Idee der L\u00e4nder \u00fcbergreifenden L\u00f6sung globaler Fragen in einer n\u00e4chst gr\u00f6\u00dferen Gemeinschaft im Sinne eines globalen Zusammenschlusses fortleben.<\/p>\n<p>Der interaktiven astronautischen Gro\u00dfinstallation ist ein Trio aus Notenst\u00e4ndern beigeordnet, das sich gegenseitig zugewandt und in verschiedener H\u00f6he ausgefahren, an eine Kleinfamilie denken l\u00e4sst. Anstelle von Noten h\u00e4lt jeder St\u00e4nder jedoch eine Tafel, auf der ein QR-Code in unterschiedlicher Position und Gr\u00f6\u00dfe zu sehen ist. Wird dieser vom Betrachter mit seinem Smartphone gescannt, so ert\u00f6nt je Code eine eigene Klangkomposition. Die Kompositionen deuten und kommentieren die aktuelle Situation in dreierlei Weise: vision\u00e4r-fiktional, klassisch kathartisch oder rein wissenschaftlich.<\/p>\n<p>Hierf\u00fcr wurden originale Stimmen Studierender des KIT, Karlsruher Institut of Technology und der Musikhochschule, Karlsruhe, verwendet.<\/p>\n<p>Jede der Audio-Kompositionen l\u00e4sst auditive Bilder entstehen, die auf konnotative Weise unterschiedliche Befindlichkeiten vermitteln und den Blick auf die fernen Portraits unserer aktuellen, technisch geformten Erde begleiten.<\/p>\n<p>Die kompositorische Vielstimmigkeit l\u00e4sst jede Polarisierung zugunsten der unbestrittenen Wahrnehmung eines Notstands und der Aufforderung an jeden Einzelnen, verantwortlich und selbstbestimmt zu handeln, verstummen.<\/p>\n<p>(Dr. A. H\u00fcnnekens &#8211; Auszug aus der Einf\u00fchrung zur Ausstellung)<\/p>\n<div  id=\"_ytid_55541\" class=\"__youtube_prefs__  __youtube_prefs_gdpr__ \" allowfullscreen data-no-lazy=\"1\" data-skipgform_ajax_framebjll=\"\"><p><strong>Please accept YouTube cookies to play this video.<\/strong> By accepting you will be accessing content from YouTube, a service provided by an external third party.<\/p>\n<p><a href=\"https:\/\/policies.google.com\/privacy\" target=\"_blank\" rel=\"noopener\">YouTube privacy policy<\/a><\/p>\n<p>If you accept this notice, your choice will be saved and the page will refresh.<\/p>\n<button type=\"button\" class=\"__youtube_prefs_gdpr__\">Accept YouTube Content<img decoding=\"async\" src=\"https:\/\/sabineschaefer.de\/wp-content\/plugins\/youtube-embed-plus\/images\/icon-check.png\" alt=\"accept\" data-no-lazy=\"1\" data-skipgform_ajax_framebjll=\"\" \/><\/button><\/div>\n","protected":false},"excerpt":{"rendered":"<p>Sabine Sch\u00e4fer EUROPA &#8211; so nah, so fern, 2021 Audiovisuelle Installation mit Augmented Reality (AR) und Audio QR-Code Metall, Glas, Grafik, Licht, Audiokomposition, AR-Anwendung, Notenst\u00e4nder mit Audio QR-Codes auf Alu-Dibond-Tafeln Premiere Ausstellung \u201eEuropa, so fern und doch so nah!\u201c, 1.05.-6.06.2021, ZKM Karlsruhe im Rahmen der \u201e25. Europ\u00e4ischen Kulturtage\u201c der Stadt Karlsruhe mehr Bildergalerie ansehen: Sabine [&hellip;]<\/p>\n","protected":false},"author":3,"featured_media":3171,"comment_status":"open","ping_status":"open","sticky":false,"template":"","format":"standard","meta":{"_et_pb_use_builder":"","_et_pb_old_content":"","_et_gb_content_width":"","h5ap_radio_sources":[],"footnotes":"","_links_to":"","_links_to_target":""},"categories":[210],"tags":[],"class_list":["post-3198","post","type-post","status-publish","format-standard","has-post-thumbnail","hentry","category-archiv-werkliste"],"_links":{"self":[{"href":"https:\/\/sabineschaefer.de\/index.php?rest_route=\/wp\/v2\/posts\/3198","targetHints":{"allow":["GET"]}}],"collection":[{"href":"https:\/\/sabineschaefer.de\/index.php?rest_route=\/wp\/v2\/posts"}],"about":[{"href":"https:\/\/sabineschaefer.de\/index.php?rest_route=\/wp\/v2\/types\/post"}],"author":[{"embeddable":true,"href":"https:\/\/sabineschaefer.de\/index.php?rest_route=\/wp\/v2\/users\/3"}],"replies":[{"embeddable":true,"href":"https:\/\/sabineschaefer.de\/index.php?rest_route=%2Fwp%2Fv2%2Fcomments&post=3198"}],"version-history":[{"count":24,"href":"https:\/\/sabineschaefer.de\/index.php?rest_route=\/wp\/v2\/posts\/3198\/revisions"}],"predecessor-version":[{"id":7513,"href":"https:\/\/sabineschaefer.de\/index.php?rest_route=\/wp\/v2\/posts\/3198\/revisions\/7513"}],"wp:featuredmedia":[{"embeddable":true,"href":"https:\/\/sabineschaefer.de\/index.php?rest_route=\/wp\/v2\/media\/3171"}],"wp:attachment":[{"href":"https:\/\/sabineschaefer.de\/index.php?rest_route=%2Fwp%2Fv2%2Fmedia&parent=3198"}],"wp:term":[{"taxonomy":"category","embeddable":true,"href":"https:\/\/sabineschaefer.de\/index.php?rest_route=%2Fwp%2Fv2%2Fcategories&post=3198"},{"taxonomy":"post_tag","embeddable":true,"href":"https:\/\/sabineschaefer.de\/index.php?rest_route=%2Fwp%2Fv2%2Ftags&post=3198"}],"curies":[{"name":"wp","href":"https:\/\/api.w.org\/{rel}","templated":true}]}}