{"id":3210,"date":"2022-12-05T10:44:47","date_gmt":"2022-12-05T10:44:47","guid":{"rendered":"http:\/\/sabineschaefer.de\/?p=3210"},"modified":"2023-06-16T11:03:24","modified_gmt":"2023-06-16T11:03:24","slug":"fragil","status":"publish","type":"post","link":"https:\/\/sabineschaefer.de\/?p=3210&lang=de","title":{"rendered":"Fragil"},"content":{"rendered":"<div id=\"divCheckbox\" style=\"display: none;\"><img decoding=\"async\" src=\"https:\/\/sabineschaefer.de\/wp-content\/uploads\/2021\/06\/11-FRAGIL-komp-scaled-1.jpg\" \/><\/div>\n<p>Sabine Sch\u00e4fer<br \/>\nFRAGIL, 2021<\/p>\n<p>Audiovisuelle Installation<\/p>\n<p>mit vier REM-Lichtbildern aus der Bildergalerie<br \/>\nMicroSonical Shining Biospheres No.1, 2009<br \/>\ndes K\u00fcnstlerpaares &lt;SA\/JO&gt; Sabine Sch\u00e4fer\/Joachim Krebs<br \/>\nin der Version mit Keder-Bespannung, 2019<br \/>\nund der Audio-Komposition RaumklangMilieu III aus<br \/>\nAudio-Biosph\u00e4re Nr. 1, 2009 von &lt;SA\/JO&gt;<\/p>\n<p>Metall, LED-Beleuchtung, Druckgrafik, Audiokomposition,<br \/>\nAudio QR-Code Grafik<\/p>\n<p>Ausstellung \u201eEuropa, so fern und doch so nah!\u201c, 1.05.-6.06.2021, ZKM Karlsruhe<br \/>\nim Rahmen der \u201e25. Europ\u00e4ischen Kulturtage\u201c der Stadt Karlsruhe <a href=\"https:\/\/sabineschaefer.de\/?p=3166&amp;lang=de\"><em>mehr<\/em><\/a><\/p>\n<p><a class=\"fancybox\" href=\"https:\/\/sabineschaefer.de\/wp-content\/uploads\/2021\/06\/11-FRAGIL-komp-scaled-2.jpg\" rel=\"GALL_A\">Bildergalerie ansehen:<\/a><\/p>\n<p><a class=\"fancybox\" href=\"https:\/\/sabineschaefer.de\/wp-content\/uploads\/2021\/06\/11-FRAGIL-komp-scaled-2.jpg\" rel=\"GALL_A\"><img loading=\"lazy\" decoding=\"async\" class=\"wp-image-2723\" src=\"https:\/\/sabineschaefer.de\/wp-content\/uploads\/2021\/06\/11-FRAGIL-komp-scaled-2.jpg\" alt=\"Sabine Sch\u00e4fer, \u201eFRAGIL\u201c, Foto: Sabine Sch\u00e4fer\" width=\"322\" height=\"573\" \/><\/a><\/p>\n<div class=\"fancybox-hidden\">\n<p><a class=\"fancybox\" href=\"https:\/\/sabineschaefer.de\/wp-content\/uploads\/2021\/06\/12-FRAGIL-komp-scaled-1.jpg\" rel=\"GALL_A\"><img loading=\"lazy\" decoding=\"async\" class=\"alignnone size-full wp-image-2723\" src=\"https:\/\/sabineschaefer.de\/wp-content\/uploads\/2021\/06\/12-FRAGIL-komp-scaled-1.jpg\" alt=\"Sabine Sch\u00e4fer, \u201eFRAGIL\u201c, Foto: Sabine Sch\u00e4fer\" width=\"1008\" height=\"567\" \/><\/a><\/p>\n<p><a class=\"fancybox\" href=\"https:\/\/sabineschaefer.de\/wp-content\/uploads\/2021\/05\/13-FRAGIL-komp-scaled.jpg\" rel=\"GALL_A\"><img loading=\"lazy\" decoding=\"async\" class=\"alignnone size-full wp-image-2723\" src=\"https:\/\/sabineschaefer.de\/wp-content\/uploads\/2021\/05\/13-FRAGIL-komp-scaled.jpg\" alt=\"Sabine Sch\u00e4fer, \u201eFRAGIL\u201c, Foto: Sabine Sch\u00e4fer\" width=\"1008\" height=\"567\" \/><\/a><\/p>\n<\/div>\n<p>Sabine Sch\u00e4fer. FRAGIL, 2021<\/p>\n<p>Die Lichtbilder-Galerie besteht aus vier REM Bildmotiven repr\u00e4sentativer Kleinstlebewesen und Insekten sowie einem \u00fcberdimensionalen, die Installation hinterfangenden QR-Code.<br \/>\nDie Lebewesen sind als klassische Portr\u00e4ts eines Rasterelektronen-Mikroskops wiedergegeben, in in einem rechteckigen Gest\u00e4nge an Strippen, wie \u201ean seidenen F\u00e4den\u201c. Hintereinander aufgereiht folgt die H\u00e4ngung jedoch nicht dem g\u00e4ngigen Muster etwa einer Galerie, sondern erinnert eher an die Anordnung von Dominosteinen. Das erste Portr\u00e4t ist in der Situation des Umkippens gegeben, sodass das Auge des Betrachters diesen Prozess des Ansto\u00dfens vor seinem geistigen Auge fortf\u00fchrt und eine Kettenreaktion des Umfallens ausl\u00f6st. Doch die Seile, an denen die Bilder h\u00e4ngen, stoppen den Prozess und geben ihn als Schl\u00fcsselmoment im Sinne Laokoons wieder, ein Moment, der das ganze Geschehen von allen Seiten zu erz\u00e4hlen vermag. Die gegebene Momentaufnahme des Umfallens zeigt die Kleinstlebewesen und Insekten in der Form von \u00fcberdimensional gro\u00dfen Portraits, die uns erstmals Visavis beinahe in Augenh\u00f6he vor Augen treten und damit ihre Ebenb\u00fcrtigkeit als Lebewesen zum Ausdruck bringen. Es sieht so aus, als seien sie bereits durch \u00e4u\u00dfere Einwirkungen zu monstr\u00f6sen Wesen mutiert und pr\u00e4sentierten ihr zornig anmutendes Konterfei in vertikaler \u201eSchieflage\u201c. Der an dieser Versuchsanordnung beteiligte Betrachter kann anhand eines QR-Codes mit seinem Smartphone in ein labor\u00e4hnlich inszeniertes Insekten-Milieu eintauchen. Zu h\u00f6ren sind mit einem speziell entwickelten Klangmikroskopischen Verfahren hochvergr\u00f6\u00dferte Insektenkl\u00e4nge, die zu ganz eigenen Kompositionen arrangiert wurden und zusammen einen eindringlichen Kanon einer der wichtigsten Erdbewohner anstimmen. Eine unverh\u00fcllte R\u00fcckansicht gibt den Blick auf Technik frei und l\u00e4sst die Frage nach ihrer originalen Gr\u00f6\u00dfe und Ebenb\u00fcrtigkeit offen. Damit nimmt die \u00e4sthetische Inszenierung monstr\u00f6ser Insektenportraits inmitten eines Drahtgitter-K\u00e4figs sowohl Themen des Technoiden wie auch des Lebendigen auf und stellt grunds\u00e4tzliche Fragen nach Macht, Nat\u00fcrlichkeit und Grenzen.<br \/>\nAm eindringlichsten wird hier jedoch das Prinzip der Kettenreaktion als zentrales Thema dargestellt, das in Verbindung mit unserem Eingreifen in die Natur ganz eigene Konnotationen in Gang setzt.<\/p>\n<p><em>Dr. Annette H\u00fcnnekens<\/em><br \/>\n<em>Medienkunstwissenschaftlerin, Garmisch-Partenkirchen<\/em><br \/>\n<em>Kuratorin der Ausstellung \u201eEuropa, so fern und doch so nah!\u201c<\/em><\/p>\n","protected":false},"excerpt":{"rendered":"<p>Sabine Sch\u00e4fer FRAGIL, 2021 Audiovisuelle Installation mit vier REM-Lichtbildern aus der Bildergalerie MicroSonical Shining Biospheres No.1, 2009 des K\u00fcnstlerpaares &lt;SA\/JO&gt; Sabine Sch\u00e4fer\/Joachim Krebs in der Version mit Keder-Bespannung, 2019 und der Audio-Komposition RaumklangMilieu III aus Audio-Biosph\u00e4re Nr. 1, 2009 von &lt;SA\/JO&gt; Metall, LED-Beleuchtung, Druckgrafik, Audiokomposition, Audio QR-Code Grafik Ausstellung \u201eEuropa, so fern und doch so [&hellip;]<\/p>\n","protected":false},"author":3,"featured_media":6240,"comment_status":"open","ping_status":"open","sticky":false,"template":"","format":"standard","meta":{"_et_pb_use_builder":"","_et_pb_old_content":"","_et_gb_content_width":"","h5ap_radio_sources":[],"footnotes":"","_links_to":"","_links_to_target":""},"categories":[32],"tags":[],"class_list":["post-3210","post","type-post","status-publish","format-standard","has-post-thumbnail","hentry","category-art-works"],"_links":{"self":[{"href":"https:\/\/sabineschaefer.de\/index.php?rest_route=\/wp\/v2\/posts\/3210","targetHints":{"allow":["GET"]}}],"collection":[{"href":"https:\/\/sabineschaefer.de\/index.php?rest_route=\/wp\/v2\/posts"}],"about":[{"href":"https:\/\/sabineschaefer.de\/index.php?rest_route=\/wp\/v2\/types\/post"}],"author":[{"embeddable":true,"href":"https:\/\/sabineschaefer.de\/index.php?rest_route=\/wp\/v2\/users\/3"}],"replies":[{"embeddable":true,"href":"https:\/\/sabineschaefer.de\/index.php?rest_route=%2Fwp%2Fv2%2Fcomments&post=3210"}],"version-history":[{"count":9,"href":"https:\/\/sabineschaefer.de\/index.php?rest_route=\/wp\/v2\/posts\/3210\/revisions"}],"predecessor-version":[{"id":7501,"href":"https:\/\/sabineschaefer.de\/index.php?rest_route=\/wp\/v2\/posts\/3210\/revisions\/7501"}],"wp:featuredmedia":[{"embeddable":true,"href":"https:\/\/sabineschaefer.de\/index.php?rest_route=\/wp\/v2\/media\/6240"}],"wp:attachment":[{"href":"https:\/\/sabineschaefer.de\/index.php?rest_route=%2Fwp%2Fv2%2Fmedia&parent=3210"}],"wp:term":[{"taxonomy":"category","embeddable":true,"href":"https:\/\/sabineschaefer.de\/index.php?rest_route=%2Fwp%2Fv2%2Fcategories&post=3210"},{"taxonomy":"post_tag","embeddable":true,"href":"https:\/\/sabineschaefer.de\/index.php?rest_route=%2Fwp%2Fv2%2Ftags&post=3210"}],"curies":[{"name":"wp","href":"https:\/\/api.w.org\/{rel}","templated":true}]}}