{"id":597,"date":"2016-06-02T11:28:30","date_gmt":"2016-06-02T11:28:30","guid":{"rendered":"http:\/\/www.sabineschaefer.de\/?page_id=597"},"modified":"2026-04-27T18:46:03","modified_gmt":"2026-04-27T18:46:03","slug":"topophonien","status":"publish","type":"post","link":"https:\/\/sabineschaefer.de\/?p=597&lang=de","title":{"rendered":"TopoPhonien. Raumklangkunst, seit 1990"},"content":{"rendered":"<p><span style=\"font-size: 10pt;\">K\u00fcnstleratelier Sabine Sch\u00e4fer, 1992, Foto: Christian Zecha<\/span><\/p>\n<p>Im Rahmen der Werkreihe \u201eTopoPhonien\u201c entstehen Raumklanginstallationen, die auf der \u00e4sthetischen und technischen Grundlage des gleichnamigen k\u00fcnstlerischen Entwicklungsvorhabens entworfen und produziert werden. Den Kunstwerken liegt die Idee zugrunde, den Klang,\u00a0 quasi \u201ereal\u201c, \u00fcber einen im Raum etablierten, mehrgliedrigen Lautsprecher-K\u00f6rper \u2013 mittels eines computergesteuerten Raumklangverteilungssystems \u2013 zu bewegen. Es entstehen somit durch Klang individualisierte R\u00e4ume mit begehbaren Raumklangk\u00f6rpern, Klangskulpturen und konzertanten Raumklanginstallationen.<\/p>\n<p>Sabine Sch\u00e4fer\u00a0\u00a0\u00a0\u00a0\u00a0\u00a0\u00a0\u00a0\u00a0\u00a0\u00a0\u00a0\u00a0\u00a0\u00a0\u00a0\u00a0 k\u00fcnstlerische Idee, Komposition, Produktion<\/p>\n<p>Sukandar Kartadinata\u00a0 \u00a0 \u00a0 \u00a01990-1992, historische Raumklangsteuerungstechnik (Systemdesign, Bau)<\/p>\n<p>Jannis Lehnert\u00a0\u00a0\u00a0\u00a0\u00a0\u00a0\u00a0\u00a0\u00a0\u00a0\u00a0\u00a0\u00a0\u00a0\u00a0\u00a0\u00a0 Raumklangsteuerungstechnik, seit 2013<\/p>\n<p><img loading=\"lazy\" decoding=\"async\" class=\"size-full wp-image-8722 aligncenter\" src=\"https:\/\/sabineschaefer.de\/wp-content\/uploads\/2016\/06\/Studio_TopoPhonien_1992.jpg\" alt=\"\" width=\"2252\" height=\"1564\" srcset=\"https:\/\/sabineschaefer.de\/wp-content\/uploads\/2016\/06\/Studio_TopoPhonien_1992.jpg 2252w, https:\/\/sabineschaefer.de\/wp-content\/uploads\/2016\/06\/Studio_TopoPhonien_1992-1280x889.jpg 1280w, https:\/\/sabineschaefer.de\/wp-content\/uploads\/2016\/06\/Studio_TopoPhonien_1992-980x681.jpg 980w, https:\/\/sabineschaefer.de\/wp-content\/uploads\/2016\/06\/Studio_TopoPhonien_1992-480x333.jpg 480w\" sizes=\"(min-width: 0px) and (max-width: 480px) 480px, (min-width: 481px) and (max-width: 980px) 980px, (min-width: 981px) and (max-width: 1280px) 1280px, (min-width: 1281px) 2252px, 100vw\" \/><span style=\"font-size: 10pt;\">K\u00fcnstleratelier Sabine Sch\u00e4fer, Studio TopoPhonien 1992<\/span><br \/>\n<span style=\"font-size: 10pt;\">Foto: Christian Zecha<\/span><\/p>\n<p>Daten zur Projektentwicklung<\/p>\n<p>\u273c 1988\/89 Entwicklung des k\u00fcnstlerischen Konzepts \/ DAAD-Aufenthalt am CCRMA Stanford, USA Cal. und anderen Computermusikzentren.1990-92<br \/>\n\u273c Entwicklung und Bau der ersten Raumklangsteuerungs-Prototypen am Institut f\u00fcr Musik und Akustik ( IMA) des ZKM, Zentrum f\u00fcr Kunst und Medientechnologie Karlsruhe, in Kooperation mit der Universit\u00e4t Karlsruhe (TH, jetzt: KIT).<br \/>\n\u273c 1992 Bau des 24-kanaligen Raumklangsteuerungssystems Topoph24.<br \/>\n\u273c 1991 \u201eTopoPhonien II\u201c, erste 16-kanalige, konzertante Raumklanginstallation.<br \/>\n\u273c 1992 \u201eTopoPhonicZones\u201c erste 16- und 23-kanalige, begehbare Raumklangk\u00f6rper.<br \/>\n\u273c 1994\/95 Entwicklung eines tastaturgesteuerten MIDI-Interfaces f\u00fcr die Raumklangsteuerung. 1999 Bau eines 32-kanaligen voll digitalisierten Raumklangsteuerungssystems.<br \/>\n\u273c Seit 2007 sind die Raumklangkompositionen, die im Rahmen der \u201eTopoPhonien\u201c entstanden, in dem Archiv des ZKM Karlsruhe \u201eDokumente der Kunst des 20. und 21. Jahrhunderts\u201c archiviert.<br \/>\n\u273c 2021 Entwicklung der Raumklangkunst-Reihe \u201eBats\u00b4n\u00b4Insects\u201c mit Klang-Glas-Objekten (Rosemarie Vollmer, Glaskunst) und 8- bis 24-kanaligen Raumklangkompositionen. 2022, Ankauf der 16-kanaligen Klanginstallation \u201e<a href=\"https:\/\/zkm.de\/de\/werk\/batsninsects-version-zkm-karlsruhe\" target=\"_blank\" rel=\"noopener\">Bats\u00b4n\u00b4Insects Version ZKM \u01c0 Karlsruhe<\/a>\u201c f\u00fcr die Sammlung des ZKM.<\/p>\n<h4>Video Dokumentationen<br \/>\n<strong style=\"font-size: 16px;\">Gespr\u00e4che mit der K\u00fcnstlerin<\/strong><\/h4>\n<table style=\"height: 398px;\" border=\"0\" width=\"1031\">\n<tbody>\n<tr>\n<td style=\"text-align: center;\"><span style=\"font-family: inherit; font-size: inherit;\">INTERVIEW von U.Becker, 1993<\/span><\/p>\n<p><a class=\"fancybox\" style=\"font-weight: bold; font-family: inherit; font-size: inherit;\" href=\"http:\/\/www.youtube.com\/watch?v=mvnLqZsTM4I\" rel=\"GALL_A\"><img loading=\"lazy\" decoding=\"async\" class=\"wp-image-607 aligncenter\" src=\"http:\/\/www.sabineschaefer.de\/wp-content\/uploads\/2016\/06\/Sabine_Schafer_TV_Interview-300x225.jpg\" alt=\"1993 Interview durch Ulrike Becker \/ SWF Baden-Baden (GER) @ Studio der K\u00fcnstlerin\" width=\"210\" height=\"158\" srcset=\"https:\/\/sabineschaefer.de\/wp-content\/uploads\/2016\/06\/Sabine_Schafer_TV_Interview-300x225.jpg 300w, https:\/\/sabineschaefer.de\/wp-content\/uploads\/2016\/06\/Sabine_Schafer_TV_Interview.jpg 480w\" sizes=\"(max-width: 210px) 100vw, 210px\" \/><\/a><\/p>\n<p>Kurzportrait Sabine Sch\u00e4fer anl\u00e4sslich der Siemens-Medienkunstpreisverleihung 1993<\/p>\n<p>Interview von Ulrike Becker, Landesschau Baden-W\u00fcrttemberg<\/p>\n<p>&nbsp;<\/td>\n<td style=\"text-align: center;\">INTERVIEW im ZKM, 2011 \u2013 Teil 1<\/p>\n<p><a class=\"GALL_A\" href=\"https:\/\/www.sabineschaefer.de\/ext_videos\/2011_Hoerbild_Teil_1.mp4\" target=\"_blank\" rel=\"fancybox noopener\"><img loading=\"lazy\" decoding=\"async\" class=\"wp-image-614 size-thumbnail aligncenter\" src=\"https:\/\/sabineschaefer.de\/wp-content\/uploads\/2016\/06\/2011_Hoerbild_part1-150x150.jpg\" alt=\"2011 - HKB Universit\u00e4t der K\u00fcnste Bern (CH) @ Zentrum f\u00fcr Kunst und Medien Karlsruhe (ZKM) , Teil 1\" width=\"150\" height=\"150\" \/><\/a><\/p>\n<p>Sabine Sch\u00e4fer im Interview mit Claudia R\u00f6ck, HKB Hochschule der K\u00fcnste Bern, 2011<\/p>\n<p>\u00dcber das Raumklangkunst-Projekt TopoPhonien und das von der Restauratorin dokumentierte Raumklang-Objekt \u201eH\u00f6rbild\u201c<\/td>\n<td>\n<p style=\"text-align: center;\">INTERVIEW im ZKM, 2011 \u2013 Teil 2<\/p>\n<p style=\"text-align: center;\"><a class=\"GALL_A\" href=\"https:\/\/www.sabineschaefer.de\/ext_videos\/2011_Hoerbild_Teil_2.mp4\" target=\"_blank\" rel=\"fancybox noopener\"><img loading=\"lazy\" decoding=\"async\" class=\"wp-image-615 size-thumbnail aligncenter\" src=\"https:\/\/sabineschaefer.de\/wp-content\/uploads\/2016\/06\/2011_Hoerbild_part2-150x150.jpg\" alt=\"2011_Hoerbild_part2\" width=\"150\" height=\"150\" \/><\/a><\/p>\n<p style=\"text-align: center;\">Fortsetzung des Interviews: Sabine Sch\u00e4fer im Interview mit Claudia R\u00f6ck im ZKM Karlsruhe.<\/p>\n<p>&nbsp;<\/td>\n<\/tr>\n<\/tbody>\n<\/table>\n<h5><\/h5>\n<p>&nbsp;<\/p>\n","protected":false},"excerpt":{"rendered":"<p>K\u00fcnstleratelier Sabine Sch\u00e4fer, 1992, Foto: Christian Zecha Im Rahmen der Werkreihe \u201eTopoPhonien\u201c entstehen Raumklanginstallationen, die auf der \u00e4sthetischen und technischen Grundlage des gleichnamigen k\u00fcnstlerischen Entwicklungsvorhabens entworfen und produziert werden. Den Kunstwerken liegt die Idee zugrunde, den Klang,\u00a0 quasi \u201ereal\u201c, \u00fcber einen im Raum etablierten, mehrgliedrigen Lautsprecher-K\u00f6rper \u2013 mittels eines computergesteuerten Raumklangverteilungssystems \u2013 zu bewegen. Es [&hellip;]<\/p>\n","protected":false},"author":2,"featured_media":8709,"comment_status":"closed","ping_status":"closed","sticky":false,"template":"","format":"standard","meta":{"_et_pb_use_builder":"","_et_pb_old_content":"","_et_gb_content_width":"","h5ap_radio_sources":[],"footnotes":"","_links_to":"","_links_to_target":""},"categories":[1],"tags":[],"class_list":["post-597","post","type-post","status-publish","format-standard","has-post-thumbnail","hentry","category-uncategorized"],"_links":{"self":[{"href":"https:\/\/sabineschaefer.de\/index.php?rest_route=\/wp\/v2\/posts\/597","targetHints":{"allow":["GET"]}}],"collection":[{"href":"https:\/\/sabineschaefer.de\/index.php?rest_route=\/wp\/v2\/posts"}],"about":[{"href":"https:\/\/sabineschaefer.de\/index.php?rest_route=\/wp\/v2\/types\/post"}],"author":[{"embeddable":true,"href":"https:\/\/sabineschaefer.de\/index.php?rest_route=\/wp\/v2\/users\/2"}],"replies":[{"embeddable":true,"href":"https:\/\/sabineschaefer.de\/index.php?rest_route=%2Fwp%2Fv2%2Fcomments&post=597"}],"version-history":[{"count":36,"href":"https:\/\/sabineschaefer.de\/index.php?rest_route=\/wp\/v2\/posts\/597\/revisions"}],"predecessor-version":[{"id":8732,"href":"https:\/\/sabineschaefer.de\/index.php?rest_route=\/wp\/v2\/posts\/597\/revisions\/8732"}],"wp:featuredmedia":[{"embeddable":true,"href":"https:\/\/sabineschaefer.de\/index.php?rest_route=\/wp\/v2\/media\/8709"}],"wp:attachment":[{"href":"https:\/\/sabineschaefer.de\/index.php?rest_route=%2Fwp%2Fv2%2Fmedia&parent=597"}],"wp:term":[{"taxonomy":"category","embeddable":true,"href":"https:\/\/sabineschaefer.de\/index.php?rest_route=%2Fwp%2Fv2%2Fcategories&post=597"},{"taxonomy":"post_tag","embeddable":true,"href":"https:\/\/sabineschaefer.de\/index.php?rest_route=%2Fwp%2Fv2%2Ftags&post=597"}],"curies":[{"name":"wp","href":"https:\/\/api.w.org\/{rel}","templated":true}]}}