{"id":7034,"date":"2022-12-03T19:03:02","date_gmt":"2022-12-03T19:03:02","guid":{"rendered":"https:\/\/sabineschaefer.de\/?p=7034&#038;lang=de"},"modified":"2022-12-20T18:17:48","modified_gmt":"2022-12-20T18:17:48","slug":"hoerbild-3-2","status":"publish","type":"post","link":"https:\/\/sabineschaefer.de\/?p=7034&lang=de","title":{"rendered":"H\u00d6RBILD"},"content":{"rendered":"<h4>H\u00f6rbild (1995)<\/h4>\n<p>Raumklang-Objekt mit 11-gliedrigem Lautsprecherensemble<br \/>\nverschiedene <a href=\"http:\/\/www.sabineschaefer.de\/?page_id=34&amp;lang=de#comp\">RaumklangKompositionen<\/a><br \/>\n<a class=\"fancybox\" href=\"https:\/\/sabineschaefer.de\/wp-content\/uploads\/2016\/05\/01_Hoerbild_imm-005-komp.jpg\" rel=\"GALL_A\"><img loading=\"lazy\" decoding=\"async\" class=\"size-medium wp-image-151\" src=\"https:\/\/sabineschaefer.de\/wp-content\/uploads\/2016\/05\/01_Hoerbild_imm-005-komp-300x200.jpg\" alt=\"H\u00d6RBILD, Sound-spaceObject\" width=\"300\" height=\"200\" \/><\/a><br \/>\nFreistehendes, monochromes Objekt aus Holz und Stahl L 546 x H 247 x T 45cm, integrierte 11-Kanal-Audiotechnik<\/p>\n<div class=\"fancybox-hidden\"><a class=\"fancybox\" href=\"https:\/\/sabineschaefer.de\/wp-content\/uploads\/2016\/05\/02_Hoerbild-02_SFB-Klanggalerie-komp.jpg\" rel=\"GALL_A\"><img class=\"size-medium wp-image-284\" alt=\"Berlin, Klanggalerie des SFB 1995\" width=\"300\" height=\"225\" \/><\/a> <a class=\"fancybox\" href=\"https:\/\/sabineschaefer.de\/wp-content\/uploads\/2016\/05\/03_Hoerbild-01_SFB-Klanggalerie-komp.jpg\" rel=\"GALL_A\"><img class=\"size-medium wp-image-284\" alt=\"Berlin, Klanggalerie des SFB 1995\" height=\"225\" \/><\/a> <a class=\"fancybox\" href=\"https:\/\/sabineschaefer.de\/wp-content\/uploads\/2016\/05\/04_Hoerbild-05_SFB-Klanggalerie-komp.jpg\" rel=\"GALL_A\"><img class=\"size-medium wp-image-284\" alt=\"Berlin, Klanggalerie des SFB 1995\" width=\"300\" height=\"225\" \/><\/a><\/div>\n<p>Premiere: Klanggalerie des SFB, Ausstellung vom 24.08.-04.09.1995<br \/>\nEr\u00f6ffnung im Rahmen der Berliner Festwochen 1995<br \/>\nseit 2009, Hochschule der K\u00fcnste Bern (CH), Leihgabe<\/p>\n<p><a class=\"fancybox\" href=\"https:\/\/www.youtube.com\/watch?v=AVSLawrTqls\" rel=\"GALL_B\">Video<\/a><\/p>\n<p class=\"textnormal\">Das RaumKlangObjekt H\u00f6rbild wurde 1994\/95 im Rahmen der <a href=\"https:\/\/sabineschaefer.de\/?page_id=597&amp;lang=de\" target=\"_blank\" rel=\"noopener\">Werkreihe TopoPhonien<\/a> entwickelt. Das elfgliedrige Lautsprecherensemble ist in einer monochrom, blau lackierten Holzwand eingelassen.<\/p>\n<p class=\"textnormal\">Die Lautsprechermatrix des H\u00f6rbildes bildet die Form eines Unendlichkeitszeichens. Aber nicht nur auf der Bahn der unendlichen Schleife bewegt sich der Klang, vielmehr wird das Lautsprecher-Tableau zu einem Territorium, einem Gef\u00fcge f\u00fcr den Klang, der sich auf diesem ausbreitet, verdichtet, verfl\u00fcchtigt und wieder konsistent wird.<\/p>\n<p class=\"textnormal\"><a name=\"comp\"><\/a>Kompositionen f\u00fcr das \u201eH\u00f6rbild\u201c<\/p>\n<p class=\"textnormal\">\u00a0Sabine Sch\u00e4fer: MicroSonic Spaces (2015) UA 2015 SoundArt Symposium HKB (CH)<\/p>\n<p class=\"textnormal\">Sabine Sch\u00e4fer: Cycle of Sound (1997) UA 1997 MusikTriennale K\u00f6ln \/ 5. Acustica International des WDR<\/p>\n<p class=\"textnormal\">\u00a0&lt;sabine sch\u00e4fer \/\/ joachim krebs&gt;: Tableau I &#8211; III (1995) UA 1995 Berliner Festwochen<\/p>\n<p class=\"textnormal\">\u00a0Sabine Sch\u00e4fer: TopoPhonicAmbience No.1 (1995) UA 1995 Klanggalerie des Sender Freies Berlin (SFB)<\/p>\n<p class=\"textnormal\">Joachim Krebs: Artificial Soundscape No.1 (1995) UA 1995 Klanggalerie des Sender Freies Berlin (SFB)<\/p>\n","protected":false},"excerpt":{"rendered":"<p>H\u00f6rbild (1995) Raumklang-Objekt mit 11-gliedrigem Lautsprecherensemble verschiedene RaumklangKompositionen Freistehendes, monochromes Objekt aus Holz und Stahl L 546 x H 247 x T 45cm, integrierte 11-Kanal-Audiotechnik Premiere: Klanggalerie des SFB, Ausstellung vom 24.08.-04.09.1995 Er\u00f6ffnung im Rahmen der Berliner Festwochen 1995 seit 2009, Hochschule der K\u00fcnste Bern (CH), Leihgabe Video Das RaumKlangObjekt H\u00f6rbild wurde 1994\/95 im Rahmen [&hellip;]<\/p>\n","protected":false},"author":1,"featured_media":6516,"comment_status":"closed","ping_status":"open","sticky":false,"template":"","format":"standard","meta":{"_et_pb_use_builder":"","_et_pb_old_content":"","_et_gb_content_width":"","h5ap_radio_sources":[],"footnotes":"","_links_to":"","_links_to_target":""},"categories":[32],"tags":[],"class_list":["post-7034","post","type-post","status-publish","format-standard","has-post-thumbnail","hentry","category-art-works"],"_links":{"self":[{"href":"https:\/\/sabineschaefer.de\/index.php?rest_route=\/wp\/v2\/posts\/7034","targetHints":{"allow":["GET"]}}],"collection":[{"href":"https:\/\/sabineschaefer.de\/index.php?rest_route=\/wp\/v2\/posts"}],"about":[{"href":"https:\/\/sabineschaefer.de\/index.php?rest_route=\/wp\/v2\/types\/post"}],"author":[{"embeddable":true,"href":"https:\/\/sabineschaefer.de\/index.php?rest_route=\/wp\/v2\/users\/1"}],"replies":[{"embeddable":true,"href":"https:\/\/sabineschaefer.de\/index.php?rest_route=%2Fwp%2Fv2%2Fcomments&post=7034"}],"version-history":[{"count":1,"href":"https:\/\/sabineschaefer.de\/index.php?rest_route=\/wp\/v2\/posts\/7034\/revisions"}],"predecessor-version":[{"id":7045,"href":"https:\/\/sabineschaefer.de\/index.php?rest_route=\/wp\/v2\/posts\/7034\/revisions\/7045"}],"wp:featuredmedia":[{"embeddable":true,"href":"https:\/\/sabineschaefer.de\/index.php?rest_route=\/wp\/v2\/media\/6516"}],"wp:attachment":[{"href":"https:\/\/sabineschaefer.de\/index.php?rest_route=%2Fwp%2Fv2%2Fmedia&parent=7034"}],"wp:term":[{"taxonomy":"category","embeddable":true,"href":"https:\/\/sabineschaefer.de\/index.php?rest_route=%2Fwp%2Fv2%2Fcategories&post=7034"},{"taxonomy":"post_tag","embeddable":true,"href":"https:\/\/sabineschaefer.de\/index.php?rest_route=%2Fwp%2Fv2%2Ftags&post=7034"}],"curies":[{"name":"wp","href":"https:\/\/api.w.org\/{rel}","templated":true}]}}