{"id":7289,"date":"2023-04-06T10:46:12","date_gmt":"2023-04-06T10:46:12","guid":{"rendered":"https:\/\/sabineschaefer.de\/?p=7289"},"modified":"2023-05-17T09:28:51","modified_gmt":"2023-05-17T09:28:51","slug":"birgit-feil-plastik-sabine-schaefer-medienkunst-zehnthaus-jockgrim-23-04-21-05-2023","status":"publish","type":"post","link":"https:\/\/sabineschaefer.de\/?p=7289&lang=de","title":{"rendered":"Birgit Feil Plastik \u2013 Sabine Sch\u00e4fer Medienkunst. Zehnthaus Jockgrim. 23.04.-21.05.2023"},"content":{"rendered":"<p>Birgit Feil Plastik \u2013 Sabine Sch\u00e4fer Medienkunst<br \/>\nZehnthaus Jockgrim<br \/>\n23.04.-21.05.2023<br \/>\n\u00d6ffnungszeiten: SA 15 \u2013 17 Uhr, SO 11 \u2013 17 Uhr<\/p>\n<p>&nbsp;<\/p>\n<p>Er\u00f6ffnung: So, 23.04.23 11:00 Uhr<\/p>\n<p><a href=\"https:\/\/sabineschaefer.de\/wp-content\/uploads\/2023\/04\/EK-Jockgrim-Seite1-kombiniert.pdf\" target=\"_blank\" rel=\"noopener\">PDF Einladungskarte Jockgrim<\/a><\/p>\n<p>Simone Maria Dietz, Kuratorin<\/p>\n<p>Pr\u00e4sentation neuer Werke, interaktiver Grafiken mit Audio QR-Code und Augmented Reality, ebenso ein Dokumentationsbereich zu installativen Arbeit der K\u00fcnstlerin.<\/p>\n<p>&nbsp;<\/p>\n<p>Einf\u00fchrung<\/p>\n<p>Sehen, erkennen, h\u00f6ren \u2013 Reize, die wir \u00fcber unsere Augen und Ohren aufnehmen. Sie bilden die entscheidenden Voraussetzungen, wie wir die Menschen und unsere Umwelt wahrnehmen. Schon seit Jahrhunderten besch\u00e4ftigt sich die Kunst mit dem Abbild des Menschen und der Darstellung der Natur. Die beiden K\u00fcnstlerinnen der aktuellen Ausstellung im Zehnthaus Jockgrim greifen diese klassischen Themen auf und pr\u00e4sentieren sie jedoch in einem v\u00f6llig neuen Blickwinkel. Die plastischen Figuren der K\u00fcnstlerin Birgit Feil sind nicht laut, dr\u00e4ngen sich dem Betrachter nicht auf und begegnen ihm dennoch mit einer unglaublichen Pr\u00e4senz. Es sind Menschen des Alltags, wir scheinen sie wiederzuerkennen, ihnen schon irgendwo einmal begegnet zu sein. In einer immer ger\u00e4uschvoller und schriller werdenden Welt spiegeln sie ganz leise gesellschaftliche Umbr\u00fcche, hinterfragen unsere oft allzu sicher geglaubte Lebenssituation. Sabine Sch\u00e4fers Auseinandersetzungen mit der Natur haben sich von der reinen Darstellung v\u00f6llig gel\u00f6st und f\u00fchren den Betrachter in den Miko- und Makrokosmos seiner Umwelt. Durch QR-Codes und Augmented Reality er\u00f6ffnet die Medienk\u00fcnstlerin neue Zug\u00e4nge der Wahrnehmung: Ger\u00e4usche von V\u00f6geln und Insekten werden h\u00f6rbar. Schmetterlinge sind nicht statisch, k\u00f6nnen sich ver\u00e4ndern. Diese spannungsreiche Verbindung der Sinne f\u00fchrt zu einer neuen Ebene der Betrachtung, er\u00f6ffnet neue Assoziationen.<\/p>\n<p>Simone Maria Dietz, Kunsthistorikerin Karlsruhe und Kuratorin der Ausstellung<\/p>\n<p>&nbsp;<\/p>\n<div class=\"et_pb_slider et_pb_slider_fullwidth_off et_pb_gallery_post_type\">\n\t\t\t\t<div class=\"et_pb_slides\">\n\t\t\t\t\t<div class=\"et_pb_slide\" style=\"background: url(https:\/\/sabineschaefer.de\/wp-content\/uploads\/2023\/04\/01_Zehnthaus-Entree_132556.jpg);\"><\/div><div class=\"et_pb_slide\" style=\"background: url(https:\/\/sabineschaefer.de\/wp-content\/uploads\/2023\/04\/02_Grosser-Saal_ScaledPflanzentier.jpg);\"><\/div><div class=\"et_pb_slide\" style=\"background: url(https:\/\/sabineschaefer.de\/wp-content\/uploads\/2023\/04\/03_Grosser-Saal-01.jpg);\"><\/div><div class=\"et_pb_slide\" style=\"background: url(https:\/\/sabineschaefer.de\/wp-content\/uploads\/2023\/04\/04_Fragment_2023-04-Jockgrim.jpg);\"><\/div><div class=\"et_pb_slide\" style=\"background: url(https:\/\/sabineschaefer.de\/wp-content\/uploads\/2023\/04\/05_Grosser-Saal-BLUE1.jpg);\"><\/div><div class=\"et_pb_slide\" style=\"background: url(https:\/\/sabineschaefer.de\/wp-content\/uploads\/2023\/04\/06_Grosser-Saal-ABIOS-Trip-komp.jpg);\"><\/div><div class=\"et_pb_slide\" style=\"background: url(https:\/\/sabineschaefer.de\/wp-content\/uploads\/2023\/04\/07_Treppe-Bild-Rhy-2-komp.jpg);\"><\/div><div class=\"et_pb_slide\" style=\"background: url(https:\/\/sabineschaefer.de\/wp-content\/uploads\/2023\/04\/08_WeiltsichtAusrichtung-komp.jpg);\"><\/div><div class=\"et_pb_slide\" style=\"background: url(https:\/\/sabineschaefer.de\/wp-content\/uploads\/2023\/04\/09_AMSON-Rhy1Weiltsicht-komp.jpg);\"><\/div><div class=\"et_pb_slide\" style=\"background: url(https:\/\/sabineschaefer.de\/wp-content\/uploads\/2023\/04\/10_Ausblicke-LissabonNotenpult-komp.jpg);\"><\/div><div class=\"et_pb_slide\" style=\"background: url(https:\/\/sabineschaefer.de\/wp-content\/uploads\/2023\/04\/11_AusblickeDryas-komp.jpg);\"><\/div><div class=\"et_pb_slide\" style=\"background: url(https:\/\/sabineschaefer.de\/wp-content\/uploads\/2023\/04\/12_Nat-Sonus-Raum4-komp.jpg);\"><\/div><div class=\"et_pb_slide\" style=\"background: url(https:\/\/sabineschaefer.de\/wp-content\/uploads\/2023\/04\/13_Nat-Sonus-Raum2-komp.jpg);\"><\/div><div class=\"et_pb_slide\" style=\"background: url(https:\/\/sabineschaefer.de\/wp-content\/uploads\/2023\/04\/14_Doku-RaumAm-See-komp.jpg);\"><\/div><div class=\"et_pb_slide\" style=\"background: url(https:\/\/sabineschaefer.de\/wp-content\/uploads\/2023\/04\/15_Doku-Raum-komp.jpg);\"><\/div>\n\t\t\t\t<\/div>\n\t\t\t<\/div>\n","protected":false},"excerpt":{"rendered":"<p>Birgit Feil Plastik \u2013 Sabine Sch\u00e4fer Medienkunst Zehnthaus Jockgrim 23.04.-21.05.2023 \u00d6ffnungszeiten: SA 15 \u2013 17 Uhr, SO 11 \u2013 17 Uhr &nbsp; Er\u00f6ffnung: So, 23.04.23 11:00 Uhr PDF Einladungskarte Jockgrim Simone Maria Dietz, Kuratorin Pr\u00e4sentation neuer Werke, interaktiver Grafiken mit Audio QR-Code und Augmented Reality, ebenso ein Dokumentationsbereich zu installativen Arbeit der K\u00fcnstlerin. &nbsp; Einf\u00fchrung [&hellip;]<\/p>\n","protected":false},"author":5,"featured_media":7357,"comment_status":"closed","ping_status":"open","sticky":false,"template":"","format":"standard","meta":{"_et_pb_use_builder":"","_et_pb_old_content":"","_et_gb_content_width":"","h5ap_radio_sources":[],"footnotes":"","_links_to":"","_links_to_target":""},"categories":[90,198,102],"tags":[],"class_list":["post-7289","post","type-post","status-publish","format-standard","has-post-thumbnail","hentry","category-aktuelles","category-ausstellungen-sektion","category-ausstellungen"],"_links":{"self":[{"href":"https:\/\/sabineschaefer.de\/index.php?rest_route=\/wp\/v2\/posts\/7289","targetHints":{"allow":["GET"]}}],"collection":[{"href":"https:\/\/sabineschaefer.de\/index.php?rest_route=\/wp\/v2\/posts"}],"about":[{"href":"https:\/\/sabineschaefer.de\/index.php?rest_route=\/wp\/v2\/types\/post"}],"author":[{"embeddable":true,"href":"https:\/\/sabineschaefer.de\/index.php?rest_route=\/wp\/v2\/users\/5"}],"replies":[{"embeddable":true,"href":"https:\/\/sabineschaefer.de\/index.php?rest_route=%2Fwp%2Fv2%2Fcomments&post=7289"}],"version-history":[{"count":10,"href":"https:\/\/sabineschaefer.de\/index.php?rest_route=\/wp\/v2\/posts\/7289\/revisions"}],"predecessor-version":[{"id":7356,"href":"https:\/\/sabineschaefer.de\/index.php?rest_route=\/wp\/v2\/posts\/7289\/revisions\/7356"}],"wp:featuredmedia":[{"embeddable":true,"href":"https:\/\/sabineschaefer.de\/index.php?rest_route=\/wp\/v2\/media\/7357"}],"wp:attachment":[{"href":"https:\/\/sabineschaefer.de\/index.php?rest_route=%2Fwp%2Fv2%2Fmedia&parent=7289"}],"wp:term":[{"taxonomy":"category","embeddable":true,"href":"https:\/\/sabineschaefer.de\/index.php?rest_route=%2Fwp%2Fv2%2Fcategories&post=7289"},{"taxonomy":"post_tag","embeddable":true,"href":"https:\/\/sabineschaefer.de\/index.php?rest_route=%2Fwp%2Fv2%2Ftags&post=7289"}],"curies":[{"name":"wp","href":"https:\/\/api.w.org\/{rel}","templated":true}]}}