{"id":7298,"date":"2023-04-06T11:12:16","date_gmt":"2023-04-06T11:12:16","guid":{"rendered":"https:\/\/sabineschaefer.de\/?p=7298"},"modified":"2023-07-24T09:52:22","modified_gmt":"2023-07-24T09:52:22","slug":"kunstwochen-fuer-klima-und-umwelt-ein-kulturfestival-der-gedok-karlsruhe-und-der-klimakampagne-karlsruhe-wir-machen-klima-27-04-21-05-2023","status":"publish","type":"post","link":"https:\/\/sabineschaefer.de\/?p=7298&lang=de","title":{"rendered":"Kunstwochen f\u00fcr Klima und Umwelt \u2013 Ein Kulturfestival der GEDOK Karlsruhe und der Klimakampagne \u201eKarlsruhe\u00b0 &#8211; Wir machen Klima\u201c, 27.04.-21.05.2023"},"content":{"rendered":"<p>Kunstwochen f\u00fcr Klima und Umwelt<br \/>\nEin Kulturfestival der GEDOK Karlsruhe und der Klimakampagne \u201eKarlsruhe\u00b0 &#8211; Wir machen Klima\u201c<\/p>\n<p>GEDOK K\u00fcnstlerinnenforum und Orte der Nachhaltigkeitsinitiativen<br \/>\n27.04. \u2013 21.05.2023<\/p>\n<p><a href=\"https:\/\/sabineschaefer.de\/wp-content\/uploads\/2023\/04\/U-seite_Kunstwochen-Faltblatt_Digitalversion-2.pdf\" target=\"_blank\" rel=\"noopener\">PDF Flyer Programm\u00fcbersicht Kunstwochen<\/a><\/p>\n<p>Er\u00f6ffnung der Ausstellungen im GEDOK Forum<br \/>\nDo, 27.04.2023, 18 Uhr<\/p>\n<p><a href=\"https:\/\/sabineschaefer.de\/wp-content\/uploads\/2023\/04\/U-seite_EK-Klimawochen.pdf\" target=\"_blank\" rel=\"noopener\">PDF Einladungskarte Er\u00f6ffnung 27.04.<\/a><\/p>\n<p>Die GEDOK Karlsruhe und die Klimakampagne der Stadt Karlsruhe \u201eKA \u2013 Wir machen Klima!\u201c veranstalten ein Kulturfestival der. Der thematische Schwerpunkt folgt den Themenbereichen der Klimakampagne, die in unseren Aktionszeitraum f\u00fcr die Kunstwochen fallen, und liegt deshalb auf der Sichtbarmachung nachhaltiger Strategien im Bereich Ern\u00e4hrung und Konsum. Hierf\u00fcr haben unsere GEDOK K\u00fcnstlerinnen, Literatinnen und Musikerinnen \u2013 bei zwei Kunstprojekten auch bundesweit \u2013 Arbeiten entwickelt oder aus ihrem \u0152uvre ausgew\u00e4hlt. Mit dem Mikrofestival der UND-Plattform e.V. erweitern wir am 13. und 14.05. die vielf\u00e4ltigen Kunstpr\u00e4sentationen auf die externen Ateliers und den \u00f6ffentlichen Raum, den die UND-K\u00fcnstler*innen bespielen.<\/p>\n<p>Die Kunstwochen sind auf verschiedenen Ebenen als partizipatives Projekt angelegt. Daf\u00fcr haben wir gemeinsam mit dem Umweltamt Initiativen vor Ort eingeladen, sich in der Galerie des K\u00fcnstlerinnenforums mit Workshops, Vortr\u00e4gen, Aktionen zu pr\u00e4sentieren und mit der Stadtgesellschaft und der Kunst in Dialog zu treten. Umgekehrt finden k\u00fcnstlerische Aktivit\u00e4ten in den Veranstaltungsr\u00e4umlichkeiten der Klimakampagnenpartner statt, wie z.\u00a0B. eine Matinee mit Kammermusik am 30.04. im leih.lokal oder die Lesung am 06.05. in der Kulturk\u00fcche.<\/p>\n<p>K\u00fcnstlerische Sichtweisen auf die Themen Klima-, Natur- und Artenschutz treffen auf vielf\u00e4ltige Nachhaltigkeitsinitiativen unserer Stadt und geben den Besucher*innen und der zahlreichen Veranstaltungen Gelegenheit zum Gespr\u00e4ch und Gedankenaustausch.<\/p>\n<p>&nbsp;<\/p>\n<p>Sabine Sch\u00e4fer<br \/>\nInitiatorin und Projektmanagerin<\/p>\n<p>Dr. Christa Hartnigk-K\u00fcmmel und Elisabeth Stephan-Gei\u00dfler<br \/>\nVorsitzende der GEDOK Karlsruhe e.\u00a0V.<\/p>\n","protected":false},"excerpt":{"rendered":"<p>Kunstwochen f\u00fcr Klima und Umwelt Ein Kulturfestival der GEDOK Karlsruhe und der Klimakampagne \u201eKarlsruhe\u00b0 &#8211; Wir machen Klima\u201c GEDOK K\u00fcnstlerinnenforum und Orte der Nachhaltigkeitsinitiativen 27.04. \u2013 21.05.2023 PDF Flyer Programm\u00fcbersicht Kunstwochen Er\u00f6ffnung der Ausstellungen im GEDOK Forum Do, 27.04.2023, 18 Uhr PDF Einladungskarte Er\u00f6ffnung 27.04. Die GEDOK Karlsruhe und die Klimakampagne der Stadt Karlsruhe \u201eKA [&hellip;]<\/p>\n","protected":false},"author":5,"featured_media":7305,"comment_status":"closed","ping_status":"open","sticky":false,"template":"","format":"standard","meta":{"_et_pb_use_builder":"","_et_pb_old_content":"","_et_gb_content_width":"","h5ap_radio_sources":[],"footnotes":"","_links_to":"","_links_to_target":""},"categories":[105],"tags":[],"class_list":["post-7298","post","type-post","status-publish","format-standard","has-post-thumbnail","hentry","category-kuratorischetaetigkeit"],"_links":{"self":[{"href":"https:\/\/sabineschaefer.de\/index.php?rest_route=\/wp\/v2\/posts\/7298","targetHints":{"allow":["GET"]}}],"collection":[{"href":"https:\/\/sabineschaefer.de\/index.php?rest_route=\/wp\/v2\/posts"}],"about":[{"href":"https:\/\/sabineschaefer.de\/index.php?rest_route=\/wp\/v2\/types\/post"}],"author":[{"embeddable":true,"href":"https:\/\/sabineschaefer.de\/index.php?rest_route=\/wp\/v2\/users\/5"}],"replies":[{"embeddable":true,"href":"https:\/\/sabineschaefer.de\/index.php?rest_route=%2Fwp%2Fv2%2Fcomments&post=7298"}],"version-history":[{"count":1,"href":"https:\/\/sabineschaefer.de\/index.php?rest_route=\/wp\/v2\/posts\/7298\/revisions"}],"predecessor-version":[{"id":7304,"href":"https:\/\/sabineschaefer.de\/index.php?rest_route=\/wp\/v2\/posts\/7298\/revisions\/7304"}],"wp:featuredmedia":[{"embeddable":true,"href":"https:\/\/sabineschaefer.de\/index.php?rest_route=\/wp\/v2\/media\/7305"}],"wp:attachment":[{"href":"https:\/\/sabineschaefer.de\/index.php?rest_route=%2Fwp%2Fv2%2Fmedia&parent=7298"}],"wp:term":[{"taxonomy":"category","embeddable":true,"href":"https:\/\/sabineschaefer.de\/index.php?rest_route=%2Fwp%2Fv2%2Fcategories&post=7298"},{"taxonomy":"post_tag","embeddable":true,"href":"https:\/\/sabineschaefer.de\/index.php?rest_route=%2Fwp%2Fv2%2Ftags&post=7298"}],"curies":[{"name":"wp","href":"https:\/\/api.w.org\/{rel}","templated":true}]}}