{"id":7566,"date":"2023-09-06T10:56:06","date_gmt":"2023-09-06T10:56:06","guid":{"rendered":"https:\/\/sabineschaefer.de\/?p=7566"},"modified":"2023-09-07T16:16:59","modified_gmt":"2023-09-07T16:16:59","slug":"hamburg-kunstforum-gedok-lebenswelten-9-08-19-08-2023","status":"publish","type":"post","link":"https:\/\/sabineschaefer.de\/?p=7566&lang=de","title":{"rendered":"Hamburg. Kunstforum GEDOK. Lebenswelten 9.08.-19.08.2023"},"content":{"rendered":"<p><strong>Lebenswelten <\/strong><strong>\u2013 von Glas und Klang \u01c0 von Bild und Raum<\/strong><br \/>\nEin digital-analoges Ausstellungsprojekt von K\u00fcnstlerinnen der GEDOK Karlsruhe und der GEDOK Hamburg<\/p>\n<p><strong>Vernissage<\/strong><br \/>\nDi, 8. August um 19 Uhr<br \/>\n<em>Zur Philosophie der Lebenswelten<\/em> \u2013 Literarische Pr\u00e4sentation von und mit Sibylle Hoffmann und Victoria Meienburg<\/p>\n<p><strong>Werkstattgespr\u00e4ch<\/strong> am 12. August 2023 um 15 Uhr<\/p>\n<p><strong>Ort<\/strong><br \/>\nKunstforum der GEDOK Hamburg<br \/>\nKoppel 66 \/ Lange Reihe 75<br \/>\n20099 Hamburg<\/p>\n<p><strong>\u00d6ffnungszeiten<\/strong><br \/>\nMo \u2013 Fr 13:00 \u2013 18:00 Uhr<br \/>\nSa + So 13:00 \u2013 16:00 Uhr<\/p>\n<p><strong>Teilnehmende K\u00fcnstlerinnen<\/strong><br \/>\naus Karlsruhe: Sabine Sch\u00e4fer, Rosemarie Vollmer<br \/>\naus Hamburg: Susanne Dettmann, Gabriele Kurth-Schell, Ele Runge, Heidemaria Thiele, Gabriele Wendland<\/p>\n<p>F\u00fcr diese Ausstellung haben sich K\u00fcnstlerinnen aus Hamburg und Karlsruhe zu einem gemeinsamen Projekt zusammengefunden, indem sie sich unter dem Oberbegriff LEBENSWELTEN mit dem Verh\u00e4ltnis von Mensch und Natur und der Positionierung des Menschen in seinem Umfeld auseinandersetzen. Dabei geht es unter anderem um die faszinierende Lebenswelt des Moores und um den immer eingeschr\u00e4nkteren Lebensraum freilebender Tiere in Verbindung mit dem zunehmenden Mobilit\u00e4tsbed\u00fcrfnis des Menschen.<\/p>\n<p>Die k\u00fcnstlerische Umsetzung ist breit gef\u00e4chert: dialogische \u00dcbermalungen mit sinnlich erlebbarer Kombination aus Malerei und Klang, hybriden Bildwerken mit Augmented Reality, N\u00e4hzeichnungen, Fotografie, Holzdruck, Installation und Collage.<\/p>\n<p>Ein besonderes Element der Ausstellung bilden dabei die Glas-Klang-Objekte der beiden K\u00fcnstlerinnen Sabine Sch\u00e4fer und Rosemarie Vollmer: \u00fcber sandgestrahlte Glasscheiben, ausgestattet mit spezieller Soundtechnik wird der Klangmikrokosmos von Fledermauskl\u00e4ngen h\u00f6rbar.<\/p>\n<p><span style=\"font-family: Avenir Next;\">Ausstellungsaufbau in der wundersch\u00f6nen Kunstgalerie der GEDOK Hamburg \u2013 ein paar Schnappsch\u00fcsse<\/span><\/p>\n<div class=\"et_pb_slider et_pb_slider_fullwidth_off et_pb_gallery_post_type\">\n\t\t\t\t<div class=\"et_pb_slides\">\n\t\t\t\t\t<div class=\"et_pb_slide\" style=\"background: url(https:\/\/sabineschaefer.de\/wp-content\/uploads\/2023\/07\/signal-2023-08-09-113020.jpeg);\"><\/div><div class=\"et_pb_slide\" style=\"background: url(https:\/\/sabineschaefer.de\/wp-content\/uploads\/2023\/07\/signal-2023-08-09-113223.jpeg);\"><\/div><div class=\"et_pb_slide\" style=\"background: url(https:\/\/sabineschaefer.de\/wp-content\/uploads\/2023\/07\/signal-2023-08-09-113321.jpeg);\"><\/div><div class=\"et_pb_slide\" style=\"background: url(https:\/\/sabineschaefer.de\/wp-content\/uploads\/2023\/07\/signal-2023-08-09-113449.jpeg);\"><\/div><div class=\"et_pb_slide\" style=\"background: url(https:\/\/sabineschaefer.de\/wp-content\/uploads\/2023\/07\/signal-2023-08-09-113526.jpeg);\"><\/div><div class=\"et_pb_slide\" style=\"background: url(https:\/\/sabineschaefer.de\/wp-content\/uploads\/2023\/07\/signal-2023-08-09-113604.jpeg);\"><\/div><div class=\"et_pb_slide\" style=\"background: url(https:\/\/sabineschaefer.de\/wp-content\/uploads\/2023\/07\/signal-2023-08-09-113731.jpeg);\"><\/div><div class=\"et_pb_slide\" style=\"background: url(https:\/\/sabineschaefer.de\/wp-content\/uploads\/2023\/07\/signal-2023-08-09-113904.jpeg);\"><\/div><div class=\"et_pb_slide\" style=\"background: url(https:\/\/sabineschaefer.de\/wp-content\/uploads\/2023\/07\/signal-2023-08-09-114024.jpeg);\"><\/div><div class=\"et_pb_slide\" style=\"background: url(https:\/\/sabineschaefer.de\/wp-content\/uploads\/2023\/07\/signal-2023-08-09-114132.jpeg);\"><\/div>\n\t\t\t\t<\/div>\n\t\t\t<\/div>\n<p><span style=\"font-family: Avenir Next;\">Impressionen der Vernissage im Kunstforum am 8.8.2023<\/span><\/p>\n<div class=\"et_pb_slider et_pb_slider_fullwidth_off et_pb_gallery_post_type\">\n\t\t\t\t<div class=\"et_pb_slides\">\n\t\t\t\t\t<div class=\"et_pb_slide\" style=\"background: url(https:\/\/sabineschaefer.de\/wp-content\/uploads\/2023\/07\/signal-2023-08-13-161711_002.jpeg);\"><\/div><div class=\"et_pb_slide\" style=\"background: url(https:\/\/sabineschaefer.de\/wp-content\/uploads\/2023\/07\/signal-2023-08-13-161711_003.jpeg);\"><\/div><div class=\"et_pb_slide\" style=\"background: url(https:\/\/sabineschaefer.de\/wp-content\/uploads\/2023\/07\/signal-2023-08-13-161711_004.jpeg);\"><\/div><div class=\"et_pb_slide\" style=\"background: url(https:\/\/sabineschaefer.de\/wp-content\/uploads\/2023\/07\/signal-2023-08-13-161711_005.jpeg);\"><\/div><div class=\"et_pb_slide\" style=\"background: url(https:\/\/sabineschaefer.de\/wp-content\/uploads\/2023\/07\/signal-2023-08-13-161711_006.jpeg);\"><\/div><div class=\"et_pb_slide\" style=\"background: url(https:\/\/sabineschaefer.de\/wp-content\/uploads\/2023\/07\/signal-2023-08-13-161711_007.jpeg);\"><\/div><div class=\"et_pb_slide\" style=\"background: url(https:\/\/sabineschaefer.de\/wp-content\/uploads\/2023\/07\/signal-2023-08-13-161711_008.jpeg);\"><\/div><div class=\"et_pb_slide\" style=\"background: url(https:\/\/sabineschaefer.de\/wp-content\/uploads\/2023\/07\/signal-2023-08-13-161711_009.jpeg);\"><\/div><div class=\"et_pb_slide\" style=\"background: url(https:\/\/sabineschaefer.de\/wp-content\/uploads\/2023\/07\/signal-2023-08-13-161711_010.jpeg);\"><\/div><div class=\"et_pb_slide\" style=\"background: url(https:\/\/sabineschaefer.de\/wp-content\/uploads\/2023\/07\/signal-2023-08-13-161711_011.jpeg);\"><\/div><div class=\"et_pb_slide\" style=\"background: url(https:\/\/sabineschaefer.de\/wp-content\/uploads\/2023\/07\/signal-2023-08-13-161711_012.jpeg);\"><\/div><div class=\"et_pb_slide\" style=\"background: url(https:\/\/sabineschaefer.de\/wp-content\/uploads\/2023\/07\/signal-2023-08-13-161711_013.jpeg);\"><\/div><div class=\"et_pb_slide\" style=\"background: url(https:\/\/sabineschaefer.de\/wp-content\/uploads\/2023\/07\/signal-2023-08-13-161711_014.jpeg);\"><\/div><div class=\"et_pb_slide\" style=\"background: url(https:\/\/sabineschaefer.de\/wp-content\/uploads\/2023\/07\/signal-2023-08-13-161711_015.jpeg);\"><\/div><div class=\"et_pb_slide\" style=\"background: url(https:\/\/sabineschaefer.de\/wp-content\/uploads\/2023\/07\/signal-2023-08-13-161711_016.jpeg);\"><\/div>\n\t\t\t\t<\/div>\n\t\t\t<\/div>\n<p><span style=\"font-family: Avenir Next;\">Werke der Ausstellung \u201eLebenswelten\u201c<\/span><\/p>\n<div class=\"et_pb_slider et_pb_slider_fullwidth_off et_pb_gallery_post_type\">\n\t\t\t\t<div class=\"et_pb_slides\">\n\t\t\t\t\t<div class=\"et_pb_slide\" style=\"background: url(https:\/\/sabineschaefer.de\/wp-content\/uploads\/2023\/07\/signal-2023-08-14-171354_002.jpeg);\"><\/div><div class=\"et_pb_slide\" style=\"background: url(https:\/\/sabineschaefer.de\/wp-content\/uploads\/2023\/07\/signal-2023-08-14-171413_002.jpeg);\"><\/div><div class=\"et_pb_slide\" style=\"background: url(https:\/\/sabineschaefer.de\/wp-content\/uploads\/2023\/07\/signal-2023-08-14-171437_002.jpeg);\"><\/div><div class=\"et_pb_slide\" style=\"background: url(https:\/\/sabineschaefer.de\/wp-content\/uploads\/2023\/07\/signal-2023-08-14-171511_002.jpeg);\"><\/div><div class=\"et_pb_slide\" style=\"background: url(https:\/\/sabineschaefer.de\/wp-content\/uploads\/2023\/07\/signal-2023-08-14-171532_002.jpeg);\"><\/div><div class=\"et_pb_slide\" style=\"background: url(https:\/\/sabineschaefer.de\/wp-content\/uploads\/2023\/07\/signal-2023-08-14-171552_002.jpeg);\"><\/div><div class=\"et_pb_slide\" style=\"background: url(https:\/\/sabineschaefer.de\/wp-content\/uploads\/2023\/07\/signal-2023-08-14-171628_002.jpeg);\"><\/div>\n\t\t\t\t<\/div>\n\t\t\t<\/div>\n<p><a href=\"https:\/\/sabineschaefer.de\/wp-content\/uploads\/2023\/07\/U-Seite-Hamburg-Lebenswelten-EK-Cover.jpg\"><img loading=\"lazy\" decoding=\"async\" class=\"alignnone size-medium wp-image-7568\" src=\"https:\/\/sabineschaefer.de\/wp-content\/uploads\/2023\/07\/U-Seite-Hamburg-Lebenswelten-EK-Cover-300x134.jpg\" alt=\"\" width=\"300\" height=\"134\" \/><\/a><\/p>\n<p><a href=\"https:\/\/gedokhamburg.de\/\" target=\"_blank\" rel=\"noopener\"><u>Kunstforum GEDOK Hamburg<\/u><\/a><\/p>\n","protected":false},"excerpt":{"rendered":"<p>Lebenswelten \u2013 von Glas und Klang \u01c0 von Bild und Raum Ein digital-analoges Ausstellungsprojekt von K\u00fcnstlerinnen der GEDOK Karlsruhe und der GEDOK Hamburg Vernissage Di, 8. August um 19 Uhr Zur Philosophie der Lebenswelten \u2013 Literarische Pr\u00e4sentation von und mit Sibylle Hoffmann und Victoria Meienburg Werkstattgespr\u00e4ch am 12. August 2023 um 15 Uhr Ort Kunstforum [&hellip;]<\/p>\n","protected":false},"author":5,"featured_media":7567,"comment_status":"closed","ping_status":"open","sticky":false,"template":"","format":"standard","meta":{"_et_pb_use_builder":"","_et_pb_old_content":"","_et_gb_content_width":"","h5ap_radio_sources":[],"footnotes":"","_links_to":"","_links_to_target":""},"categories":[90,198,102],"tags":[],"class_list":["post-7566","post","type-post","status-publish","format-standard","has-post-thumbnail","hentry","category-aktuelles","category-ausstellungen-sektion","category-ausstellungen"],"_links":{"self":[{"href":"https:\/\/sabineschaefer.de\/index.php?rest_route=\/wp\/v2\/posts\/7566","targetHints":{"allow":["GET"]}}],"collection":[{"href":"https:\/\/sabineschaefer.de\/index.php?rest_route=\/wp\/v2\/posts"}],"about":[{"href":"https:\/\/sabineschaefer.de\/index.php?rest_route=\/wp\/v2\/types\/post"}],"author":[{"embeddable":true,"href":"https:\/\/sabineschaefer.de\/index.php?rest_route=\/wp\/v2\/users\/5"}],"replies":[{"embeddable":true,"href":"https:\/\/sabineschaefer.de\/index.php?rest_route=%2Fwp%2Fv2%2Fcomments&post=7566"}],"version-history":[{"count":3,"href":"https:\/\/sabineschaefer.de\/index.php?rest_route=\/wp\/v2\/posts\/7566\/revisions"}],"predecessor-version":[{"id":7631,"href":"https:\/\/sabineschaefer.de\/index.php?rest_route=\/wp\/v2\/posts\/7566\/revisions\/7631"}],"wp:featuredmedia":[{"embeddable":true,"href":"https:\/\/sabineschaefer.de\/index.php?rest_route=\/wp\/v2\/media\/7567"}],"wp:attachment":[{"href":"https:\/\/sabineschaefer.de\/index.php?rest_route=%2Fwp%2Fv2%2Fmedia&parent=7566"}],"wp:term":[{"taxonomy":"category","embeddable":true,"href":"https:\/\/sabineschaefer.de\/index.php?rest_route=%2Fwp%2Fv2%2Fcategories&post=7566"},{"taxonomy":"post_tag","embeddable":true,"href":"https:\/\/sabineschaefer.de\/index.php?rest_route=%2Fwp%2Fv2%2Ftags&post=7566"}],"curies":[{"name":"wp","href":"https:\/\/api.w.org\/{rel}","templated":true}]}}