{"id":7764,"date":"2023-10-07T09:00:34","date_gmt":"2023-10-07T09:00:34","guid":{"rendered":"https:\/\/sabineschaefer.de\/?p=7764"},"modified":"2024-01-16T15:22:36","modified_gmt":"2024-01-16T15:22:36","slug":"tuebingen-kulturhalle-batsninsects-5-10-14-10-2023","status":"publish","type":"post","link":"https:\/\/sabineschaefer.de\/?p=7764&lang=de","title":{"rendered":"T\u00fcbingen. Kulturhalle. Bats\u00b4n\u00b4Insects 5.10.-14.10.2023"},"content":{"rendered":"<p>T\u00fcbingen. Kulturhalle.<br \/>\nBats\u00b4n\u00b4Insects, 5.10.-14.10.2023<\/p>\n<p><a href=\"https:\/\/sabineschaefer.de\/wp-content\/uploads\/2023\/10\/neues-Startfoto-Tuebingen.jpg\"><img loading=\"lazy\" decoding=\"async\" class=\"alignnone wp-image-7834 size-medium\" src=\"https:\/\/sabineschaefer.de\/wp-content\/uploads\/2023\/10\/neues-Startfoto-Tuebingen-300x225.jpg\" alt=\"\" width=\"300\" height=\"225\" \/><\/a><\/p>\n<p><strong>Sabine Sch\u00e4fer &amp; Rosemarie Vollmer<\/strong><br \/>\n<strong>Bats\u00b4n\u00b4Insects<\/strong><br \/>\nEine Ausstellung im Rahmen des Festivals \u201eKomponistinnen. T\u00fcbinger Musikfest\u201c der Stadt T\u00fcbingen.<\/p>\n<p><strong>Vernissage<\/strong><br \/>\nMi, 4.10.2023, 18:00 \u2013 19:30 Uhr<br \/>\nEinf\u00fchrung: Clemens Ottnad, Kunsthistoriker, Gesch\u00e4ftsf\u00fchrer des K\u00fcnstlerbundes Baden-W\u00fcrttemberg<br \/>\nKurzvortrag: \u201eDer Ruf der Flederm\u00e4use\u201c, Dr. Annette Denzinger, Fledermausforscherin, Universit\u00e4t T\u00fcbingen<br \/>\n<em>Schw\u00e4bisches Tagblatt, 5.10.23, Besprechung von Dorothee Hermann<\/em><br \/>\n<em><a href=\"https:\/\/sabineschaefer.de\/wp-content\/uploads\/2023\/10\/Tageszeitung_ST_Freitag-6-Oktober-2023_fledermaeuse_kulurhalle.pdf\" target=\"_blank\" rel=\"noopener\">mehr erfahren<\/a><\/em><\/p>\n<p><strong>Ort<\/strong><br \/>\nKulturhalle T\u00fcbingen<br \/>\nNonnengasse 19<br \/>\n72070 T\u00fcbingen<\/p>\n<p><strong>Ausstellungsdauer<\/strong><br \/>\n5.10. \u2013 14.10.2023<\/p>\n<p><strong>\u00d6ffnungszeiten<\/strong><br \/>\nMi \u2013 Fr 16:00 \u2013 19:00 Uhr, Sa\/So 11:00 \u2013 15:00 Uhr<\/p>\n<p>In der Ausstellung werden audiovisuelle Installationen sowie Solowerke der K\u00fcnstlerinnen pr\u00e4sentiert.<\/p>\n<p>\u201eBats\u00b4n\u00b4Insects\u201c<br \/>\nNeuinszenierung der audiovisuellen Installation f\u00fcr die Kulturhalle T\u00fcbingen. Aus der gemeinsamen Werkreihe \u201eKlangzeichnungen im Raum\u201c.<\/p>\n<div class=\"et_pb_slider et_pb_slider_fullwidth_off et_pb_gallery_post_type\">\n\t\t\t\t<div class=\"et_pb_slides\">\n\t\t\t\t\t<div class=\"et_pb_slide\" style=\"background: url(https:\/\/sabineschaefer.de\/wp-content\/uploads\/2023\/09\/FOTO1-2023-Goerwihl-B-n-I.jpeg);\"><\/div><div class=\"et_pb_slide\" style=\"background: url(https:\/\/sabineschaefer.de\/wp-content\/uploads\/2023\/09\/FOTO2-2023-Tuttlingen-B-n-I-scaled.jpg);\"><\/div><div class=\"et_pb_slide\" style=\"background: url(https:\/\/sabineschaefer.de\/wp-content\/uploads\/2023\/09\/FOTO3-2022-Oberderdingen_B-n-I-scaled.jpg);\"><\/div>\n\t\t\t\t<\/div>\n\t\t\t<\/div>\n<p>\u201eSolarSonical Insects\u201d<br \/>\nEine audiovisuelle Installation des K\u00fcnstlerpaares &lt;SA\/JO&gt; Sabine Sch\u00e4fer \/ Joachim Krebs (1998-2013).<br \/>\n<a href=\"http:\/\/sajo-art.de\/hp\/subpages\/ssi_dt.htm\" target=\"_blank\" rel=\"noopener\"><em><u>mehr erfahren<\/u><\/em><\/a><\/p>\n<p>Hybride Bildwerke mit Augmented Reality-Videos und Audio QR-Codes:<\/p>\n<p style=\"text-align: left;\">Sabine Sch\u00e4fer \/ Rosemarie Vollmer: Werkreihe \u201eDialogische \u00dcbermalungen\u201c<br \/>\n<a href=\"https:\/\/sabineschaefer.de\/?p=3363&amp;lang=de\" target=\"_blank\" rel=\"noopener\"><em><u>mehr erfahren<\/u><\/em><\/a><\/p>\n<p style=\"text-align: left;\">Sabine Sch\u00e4fer: Werkreihe \u201eAusblicke \u2013 Europ\u00e4ische St\u00e4dte bei Nacht\u201c<br \/>\n<a href=\"https:\/\/sabineschaefer.de\/?p=7228&amp;lang=de\" target=\"_blank\" rel=\"noopener\"><em><u>mehr erfahren<\/u> <\/em><\/a><\/p>\n<p style=\"text-align: left;\">Sabine Sch\u00e4fer: Interaktive Grafiken mit Audio QR-Code<br \/>\n<a href=\"https:\/\/sabineschaefer.de\/?page_id=6003&amp;lang=de#interaktive_druckgrafiken\" target=\"_blank\" rel=\"noopener\"><em><u>mehr erfahren<\/u> <\/em><\/a><\/p>\n<p><a href=\"https:\/\/sabineschaefer.de\/wp-content\/uploads\/2023\/09\/Einladungskarte-Tuebingen-Bats-n-Insects.jpg\" target=\"_blank\" rel=\"noopener\"><em><u>Einladungskarte<\/u> <\/em><\/a><\/p>\n<p><a href=\"https:\/\/www.tuebingen.de\/komponistinnen\/37883.html#\/39613\" target=\"_blank\" rel=\"noopener\"><em>Weiterf\u00fchrende Informationen auf der Homepage der Stadt T\u00fcbingen<\/em><\/a><\/p>\n<p><a href=\"https:\/\/sabineschaefer.de\/wp-content\/uploads\/2023\/09\/Komponistinnen_Tuebingen_Programm_Web.pdf\" target=\"_blank\" rel=\"noopener\">Programmflyer des Festivals<\/a><\/p>\n","protected":false},"excerpt":{"rendered":"<p>T\u00fcbingen. Kulturhalle. Bats\u00b4n\u00b4Insects, 5.10.-14.10.2023 Sabine Sch\u00e4fer &amp; Rosemarie Vollmer Bats\u00b4n\u00b4Insects Eine Ausstellung im Rahmen des Festivals \u201eKomponistinnen. T\u00fcbinger Musikfest\u201c der Stadt T\u00fcbingen. Vernissage Mi, 4.10.2023, 18:00 \u2013 19:30 Uhr Einf\u00fchrung: Clemens Ottnad, Kunsthistoriker, Gesch\u00e4ftsf\u00fchrer des K\u00fcnstlerbundes Baden-W\u00fcrttemberg Kurzvortrag: \u201eDer Ruf der Flederm\u00e4use\u201c, Dr. Annette Denzinger, Fledermausforscherin, Universit\u00e4t T\u00fcbingen Schw\u00e4bisches Tagblatt, 5.10.23, Besprechung von Dorothee Hermann [&hellip;]<\/p>\n","protected":false},"author":5,"featured_media":7834,"comment_status":"closed","ping_status":"open","sticky":false,"template":"","format":"standard","meta":{"_et_pb_use_builder":"","_et_pb_old_content":"","_et_gb_content_width":"","h5ap_radio_sources":[],"footnotes":"","_links_to":"","_links_to_target":""},"categories":[90,198,102],"tags":[],"class_list":["post-7764","post","type-post","status-publish","format-standard","has-post-thumbnail","hentry","category-aktuelles","category-ausstellungen-sektion","category-ausstellungen"],"_links":{"self":[{"href":"https:\/\/sabineschaefer.de\/index.php?rest_route=\/wp\/v2\/posts\/7764","targetHints":{"allow":["GET"]}}],"collection":[{"href":"https:\/\/sabineschaefer.de\/index.php?rest_route=\/wp\/v2\/posts"}],"about":[{"href":"https:\/\/sabineschaefer.de\/index.php?rest_route=\/wp\/v2\/types\/post"}],"author":[{"embeddable":true,"href":"https:\/\/sabineschaefer.de\/index.php?rest_route=\/wp\/v2\/users\/5"}],"replies":[{"embeddable":true,"href":"https:\/\/sabineschaefer.de\/index.php?rest_route=%2Fwp%2Fv2%2Fcomments&post=7764"}],"version-history":[{"count":9,"href":"https:\/\/sabineschaefer.de\/index.php?rest_route=\/wp\/v2\/posts\/7764\/revisions"}],"predecessor-version":[{"id":7835,"href":"https:\/\/sabineschaefer.de\/index.php?rest_route=\/wp\/v2\/posts\/7764\/revisions\/7835"}],"wp:featuredmedia":[{"embeddable":true,"href":"https:\/\/sabineschaefer.de\/index.php?rest_route=\/wp\/v2\/media\/7834"}],"wp:attachment":[{"href":"https:\/\/sabineschaefer.de\/index.php?rest_route=%2Fwp%2Fv2%2Fmedia&parent=7764"}],"wp:term":[{"taxonomy":"category","embeddable":true,"href":"https:\/\/sabineschaefer.de\/index.php?rest_route=%2Fwp%2Fv2%2Fcategories&post=7764"},{"taxonomy":"post_tag","embeddable":true,"href":"https:\/\/sabineschaefer.de\/index.php?rest_route=%2Fwp%2Fv2%2Ftags&post=7764"}],"curies":[{"name":"wp","href":"https:\/\/api.w.org\/{rel}","templated":true}]}}