{"id":7822,"date":"2025-08-01T10:00:44","date_gmt":"2025-08-01T10:00:44","guid":{"rendered":"https:\/\/sabineschaefer.de\/?p=7822"},"modified":"2025-08-18T20:37:52","modified_gmt":"2025-08-18T20:37:52","slug":"weingarten-kunst-raum-akademie-bats-and-insects-19-11-17-12-2023","status":"publish","type":"post","link":"https:\/\/sabineschaefer.de\/?p=7822&lang=de","title":{"rendered":"Weingarten. KUNST-RAUM-AKADEMIE.  Bats and Insects 19.11.-17.12.2023"},"content":{"rendered":"<p>Weingarten. KUNST-RAUM-AKADEMIE.<br \/>\nBats and Insects, 19.11.-17.12.2023<\/p>\n<p><a href=\"https:\/\/sabineschaefer.de\/wp-content\/uploads\/2023\/10\/Weingarten-bats-and-insects-Fahne.jpg\"><img loading=\"lazy\" decoding=\"async\" class=\"alignnone wp-image-7914 size-medium\" src=\"https:\/\/sabineschaefer.de\/wp-content\/uploads\/2023\/10\/Weingarten-bats-and-insects-Fahne-225x300.jpg\" alt=\"\" width=\"225\" height=\"300\" \/><\/a><\/p>\n<p>Audiovisuelle Installation und Solowerke<br \/>\nvon Sabine Sch\u00e4fer und Rosemarie Vollmer<\/p>\n<p>Akademie der Di\u00f6zese Rottenburg-Stuttgart<br \/>\nTagungshaus Weingarten<\/p>\n<p>Brosch\u00fcre zur Ausstellung<br \/>\n<a href=\"https:\/\/www.akademie-rs.de\/fileadmin\/user_upload\/download_archive\/Kunst\/dioe_bats_final.pdf\" target=\"_blank\" rel=\"noopener\">mehr erfahren<\/a><\/p>\n<p>Er\u00f6ffnung:<br \/>\nSo, 19.11.2023, 11 \u2013 14 Uhr<br \/>\n\u201eDer Ruf der Flederm\u00e4use\u201c Vortrag von Dr. Annette Denzinger, Fledermausforscherin, Universit\u00e4t T\u00fcbingen<br \/>\nSoundScapes von Sabine Sch\u00e4fer<\/p>\n<p>Ausstellungsdauer:<br \/>\n19. November bis 17. Dezember 2023<\/p>\n<p>\u00d6ffnungszeiten:<br \/>\nwerktags von 9 bis 18 Uhr<br \/>\nsamstags und sonntags auf Anfrage<\/p>\n<p>Akademie der Di\u00f6zese Rottenburg-Stuttgart<br \/>\nTagungshaus Weingarten<br \/>\nKirchplatz 7, 88250 Weingarten<br \/>\nTelefon: 0751 56 86-0<br \/>\nE-Mail: <a href=\"mailto:weingarten@akademie-rs.de\">weingarten@akademie-rs.de<\/a><\/p>\n<p>Informationen zur Ausstellung auf der Webseite der Di\u00f6zese Rottenburg-Stuttgart<br \/>\n<a href=\"https:\/\/www.akademie-rs.de\/tagungshaeuser\/weingarten\/kunst\/veranstaltung-24660\" target=\"_blank\" rel=\"noopener\">mehr erfahren<\/a><\/p>\n<p>&nbsp;<\/p>\n<div  id=\"_ytid_52260\" class=\"__youtube_prefs__  __youtube_prefs_gdpr__ \" allowfullscreen data-no-lazy=\"1\" data-skipgform_ajax_framebjll=\"\"><p><strong>Please accept YouTube cookies to play this video.<\/strong> By accepting you will be accessing content from YouTube, a service provided by an external third party.<\/p>\n<p><a href=\"https:\/\/policies.google.com\/privacy\" target=\"_blank\" rel=\"noopener\">YouTube privacy policy<\/a><\/p>\n<p>If you accept this notice, your choice will be saved and the page will refresh.<\/p>\n<button type=\"button\" class=\"__youtube_prefs_gdpr__\">Accept YouTube Content<img decoding=\"async\" src=\"https:\/\/sabineschaefer.de\/wp-content\/plugins\/youtube-embed-plus\/images\/icon-check.png\" alt=\"accept\" data-no-lazy=\"1\" data-skipgform_ajax_framebjll=\"\" \/><\/button><\/div>\n","protected":false},"excerpt":{"rendered":"<p>Weingarten. KUNST-RAUM-AKADEMIE. Bats and Insects, 19.11.-17.12.2023 Audiovisuelle Installation und Solowerke von Sabine Sch\u00e4fer und Rosemarie Vollmer Akademie der Di\u00f6zese Rottenburg-Stuttgart Tagungshaus Weingarten Brosch\u00fcre zur Ausstellung mehr erfahren Er\u00f6ffnung: So, 19.11.2023, 11 \u2013 14 Uhr \u201eDer Ruf der Flederm\u00e4use\u201c Vortrag von Dr. Annette Denzinger, Fledermausforscherin, Universit\u00e4t T\u00fcbingen SoundScapes von Sabine Sch\u00e4fer Ausstellungsdauer: 19. November bis 17. [&hellip;]<\/p>\n","protected":false},"author":5,"featured_media":7844,"comment_status":"closed","ping_status":"open","sticky":false,"template":"","format":"standard","meta":{"_et_pb_use_builder":"","_et_pb_old_content":"","_et_gb_content_width":"","h5ap_radio_sources":[],"footnotes":"","_links_to":"","_links_to_target":""},"categories":[198,102],"tags":[],"class_list":["post-7822","post","type-post","status-publish","format-standard","has-post-thumbnail","hentry","category-ausstellungen-sektion","category-ausstellungen"],"_links":{"self":[{"href":"https:\/\/sabineschaefer.de\/index.php?rest_route=\/wp\/v2\/posts\/7822","targetHints":{"allow":["GET"]}}],"collection":[{"href":"https:\/\/sabineschaefer.de\/index.php?rest_route=\/wp\/v2\/posts"}],"about":[{"href":"https:\/\/sabineschaefer.de\/index.php?rest_route=\/wp\/v2\/types\/post"}],"author":[{"embeddable":true,"href":"https:\/\/sabineschaefer.de\/index.php?rest_route=\/wp\/v2\/users\/5"}],"replies":[{"embeddable":true,"href":"https:\/\/sabineschaefer.de\/index.php?rest_route=%2Fwp%2Fv2%2Fcomments&post=7822"}],"version-history":[{"count":5,"href":"https:\/\/sabineschaefer.de\/index.php?rest_route=\/wp\/v2\/posts\/7822\/revisions"}],"predecessor-version":[{"id":7915,"href":"https:\/\/sabineschaefer.de\/index.php?rest_route=\/wp\/v2\/posts\/7822\/revisions\/7915"}],"wp:featuredmedia":[{"embeddable":true,"href":"https:\/\/sabineschaefer.de\/index.php?rest_route=\/wp\/v2\/media\/7844"}],"wp:attachment":[{"href":"https:\/\/sabineschaefer.de\/index.php?rest_route=%2Fwp%2Fv2%2Fmedia&parent=7822"}],"wp:term":[{"taxonomy":"category","embeddable":true,"href":"https:\/\/sabineschaefer.de\/index.php?rest_route=%2Fwp%2Fv2%2Fcategories&post=7822"},{"taxonomy":"post_tag","embeddable":true,"href":"https:\/\/sabineschaefer.de\/index.php?rest_route=%2Fwp%2Fv2%2Ftags&post=7822"}],"curies":[{"name":"wp","href":"https:\/\/api.w.org\/{rel}","templated":true}]}}