{"id":8303,"date":"2025-08-04T15:31:45","date_gmt":"2025-08-04T15:31:45","guid":{"rendered":"https:\/\/sabineschaefer.de\/?p=8303"},"modified":"2025-12-19T01:53:28","modified_gmt":"2025-12-19T01:53:28","slug":"artexpo-new-york-23-08-25-08-2024","status":"publish","type":"post","link":"https:\/\/sabineschaefer.de\/?p=8303&lang=de","title":{"rendered":"ARTEXPO New York 3.-6.04.2025"},"content":{"rendered":"<p>Werke Sabine Sch\u00e4fer pr\u00e4sentiert von der Galerie MONAT Madrid, Spanien.<\/p>\n<p>ARTEXPO NEW YORK<\/p>\n<p><strong>Pier 36<br \/>\n<\/strong>299 South Street<br \/>\nNew York, NY 10002<\/p>\n<p><strong>Er\u00f6ffnung und Preview<br \/>\n<\/strong>Do, 3.April 2025 , 17 \u2013 20 Uhr<\/p>\n<p><strong>\u00d6ffnungszeiten<br \/>\n<\/strong>Fr, 4.April 2025, 11 \u2013 19 Uhr<br \/>\nSa, 5.April 2025, 11 \u2013 19 Uhr<br \/>\nSo, 6.April 2025. 11 \u2013 17 Uhr<\/p>\n<p><img loading=\"lazy\" decoding=\"async\" class=\"alignnone wp-image-8320 \" src=\"https:\/\/sabineschaefer.de\/wp-content\/uploads\/2025\/03\/New-York_ARTEXPO_Sabine-Schaefer-low-scaled.jpg\" alt=\"\" width=\"671\" height=\"936\" \/><\/p>\n<p>&nbsp;<\/p>\n","protected":false},"excerpt":{"rendered":"<p>Werke Sabine Sch\u00e4fer pr\u00e4sentiert von der Galerie MONAT Madrid, Spanien. ARTEXPO NEW YORK Pier 36 299 South Street New York, NY 10002 Er\u00f6ffnung und Preview Do, 3.April 2025 , 17 \u2013 20 Uhr \u00d6ffnungszeiten Fr, 4.April 2025, 11 \u2013 19 Uhr Sa, 5.April 2025, 11 \u2013 19 Uhr So, 6.April 2025. 11 \u2013 17 Uhr [&hellip;]<\/p>\n","protected":false},"author":7,"featured_media":8299,"comment_status":"closed","ping_status":"open","sticky":false,"template":"","format":"standard","meta":{"_et_pb_use_builder":"","_et_pb_old_content":"","_et_gb_content_width":"","h5ap_radio_sources":[],"footnotes":"","_links_to":"","_links_to_target":""},"categories":[198,102],"tags":[],"class_list":["post-8303","post","type-post","status-publish","format-standard","has-post-thumbnail","hentry","category-ausstellungen-sektion","category-ausstellungen"],"_links":{"self":[{"href":"https:\/\/sabineschaefer.de\/index.php?rest_route=\/wp\/v2\/posts\/8303","targetHints":{"allow":["GET"]}}],"collection":[{"href":"https:\/\/sabineschaefer.de\/index.php?rest_route=\/wp\/v2\/posts"}],"about":[{"href":"https:\/\/sabineschaefer.de\/index.php?rest_route=\/wp\/v2\/types\/post"}],"author":[{"embeddable":true,"href":"https:\/\/sabineschaefer.de\/index.php?rest_route=\/wp\/v2\/users\/7"}],"replies":[{"embeddable":true,"href":"https:\/\/sabineschaefer.de\/index.php?rest_route=%2Fwp%2Fv2%2Fcomments&post=8303"}],"version-history":[{"count":8,"href":"https:\/\/sabineschaefer.de\/index.php?rest_route=\/wp\/v2\/posts\/8303\/revisions"}],"predecessor-version":[{"id":8576,"href":"https:\/\/sabineschaefer.de\/index.php?rest_route=\/wp\/v2\/posts\/8303\/revisions\/8576"}],"wp:featuredmedia":[{"embeddable":true,"href":"https:\/\/sabineschaefer.de\/index.php?rest_route=\/wp\/v2\/media\/8299"}],"wp:attachment":[{"href":"https:\/\/sabineschaefer.de\/index.php?rest_route=%2Fwp%2Fv2%2Fmedia&parent=8303"}],"wp:term":[{"taxonomy":"category","embeddable":true,"href":"https:\/\/sabineschaefer.de\/index.php?rest_route=%2Fwp%2Fv2%2Fcategories&post=8303"},{"taxonomy":"post_tag","embeddable":true,"href":"https:\/\/sabineschaefer.de\/index.php?rest_route=%2Fwp%2Fv2%2Ftags&post=8303"}],"curies":[{"name":"wp","href":"https:\/\/api.w.org\/{rel}","templated":true}]}}