{"id":8334,"date":"2025-04-14T08:59:37","date_gmt":"2025-04-14T08:59:37","guid":{"rendered":"https:\/\/sabineschaefer.de\/?p=8334"},"modified":"2025-07-01T18:22:28","modified_gmt":"2025-07-01T18:22:28","slug":"kunstwochen-fuer-klima-und-umwelt-2025","status":"publish","type":"post","link":"https:\/\/sabineschaefer.de\/?p=8334&lang=de","title":{"rendered":"Kunstwochen f\u00fcr Klima und Umwelt 2025"},"content":{"rendered":"<p>Leitung, kuratorisches Konzept:<\/p>\n<p>Sabine Sch\u00e4fer und Elisabeth Stephan-Gei\u00dfler<br \/>\nGEDOK Karlsruhe e. V.<\/p>\n<p>Susanne Gerner und Gina Rezmann<br \/>\nUmwelt- und Arbeitsschutz der Stadt Karlsruhe<\/p>\n<p>&nbsp;<\/p>\n<p>Die GEDOK Karlsruhe und die st\u00e4dtische Klimakampagne \u201eKA\u00b0 \u2013 Wir machen Klima.\u201c laden ein zum Kulturfestival rund um Klimaschutz in Karlsruhe und f\u00fcr eine nachhaltige Klimakultur. Vielf\u00e4ltige Formen des nachhaltigen Lebens und Denkens werden in Ausstellungen, Lesungen, Konzerten, Performances, Vortr\u00e4gen und F\u00fchrungen erlebbar.<\/p>\n<p>Kunst kann bewegen, inspirieren und neue Perspektiven er\u00f6ffnen \u2013 genau das steht im Mittelpunkt der Kunstwochen f\u00fcr Klima und Umwelt. Vom 25. April bis 25. Mai 2025 verwandelt sich Karlsruhe in eine B\u00fchne f\u00fcr k\u00fcnstlerische Auseinandersetzungen mit dr\u00e4ngenden Fragen unserer Zeit: Klimaschutz, Nachhaltigkeit und der verantwortungsbewusste Umgang mit unserer Umwelt steht im Fokus.<\/p>\n<p>&nbsp;<\/p>\n<p><a href=\"https:\/\/sabineschaefer.de\/wp-content\/uploads\/2025\/04\/Faltblatt_Kunstwochen_KU_2025_Digitalversion.pdf\" target=\"_blank\" rel=\"noopener\">Programmheft<\/a>:<\/p>\n\n","protected":false},"excerpt":{"rendered":"<p>Leitung, kuratorisches Konzept: Sabine Sch\u00e4fer und Elisabeth Stephan-Gei\u00dfler GEDOK Karlsruhe e. V. Susanne Gerner und Gina Rezmann Umwelt- und Arbeitsschutz der Stadt Karlsruhe &nbsp; Die GEDOK Karlsruhe und die st\u00e4dtische Klimakampagne \u201eKA\u00b0 \u2013 Wir machen Klima.\u201c laden ein zum Kulturfestival rund um Klimaschutz in Karlsruhe und f\u00fcr eine nachhaltige Klimakultur. Vielf\u00e4ltige Formen des nachhaltigen Lebens [&hellip;]<\/p>\n","protected":false},"author":7,"featured_media":8337,"comment_status":"closed","ping_status":"open","sticky":false,"template":"","format":"standard","meta":{"_et_pb_use_builder":"","_et_pb_old_content":"","_et_gb_content_width":"","h5ap_radio_sources":[],"footnotes":"","_links_to":"","_links_to_target":""},"categories":[105],"tags":[],"class_list":["post-8334","post","type-post","status-publish","format-standard","has-post-thumbnail","hentry","category-kuratorischetaetigkeit"],"_links":{"self":[{"href":"https:\/\/sabineschaefer.de\/index.php?rest_route=\/wp\/v2\/posts\/8334","targetHints":{"allow":["GET"]}}],"collection":[{"href":"https:\/\/sabineschaefer.de\/index.php?rest_route=\/wp\/v2\/posts"}],"about":[{"href":"https:\/\/sabineschaefer.de\/index.php?rest_route=\/wp\/v2\/types\/post"}],"author":[{"embeddable":true,"href":"https:\/\/sabineschaefer.de\/index.php?rest_route=\/wp\/v2\/users\/7"}],"replies":[{"embeddable":true,"href":"https:\/\/sabineschaefer.de\/index.php?rest_route=%2Fwp%2Fv2%2Fcomments&post=8334"}],"version-history":[{"count":5,"href":"https:\/\/sabineschaefer.de\/index.php?rest_route=\/wp\/v2\/posts\/8334\/revisions"}],"predecessor-version":[{"id":8374,"href":"https:\/\/sabineschaefer.de\/index.php?rest_route=\/wp\/v2\/posts\/8334\/revisions\/8374"}],"wp:featuredmedia":[{"embeddable":true,"href":"https:\/\/sabineschaefer.de\/index.php?rest_route=\/wp\/v2\/media\/8337"}],"wp:attachment":[{"href":"https:\/\/sabineschaefer.de\/index.php?rest_route=%2Fwp%2Fv2%2Fmedia&parent=8334"}],"wp:term":[{"taxonomy":"category","embeddable":true,"href":"https:\/\/sabineschaefer.de\/index.php?rest_route=%2Fwp%2Fv2%2Fcategories&post=8334"},{"taxonomy":"post_tag","embeddable":true,"href":"https:\/\/sabineschaefer.de\/index.php?rest_route=%2Fwp%2Fv2%2Ftags&post=8334"}],"curies":[{"name":"wp","href":"https:\/\/api.w.org\/{rel}","templated":true}]}}