{"id":8368,"date":"2025-09-01T07:00:22","date_gmt":"2025-09-01T07:00:22","guid":{"rendered":"https:\/\/sabineschaefer.de\/?p=8368"},"modified":"2025-11-29T02:39:07","modified_gmt":"2025-11-29T02:39:07","slug":"batsninsects-kunststiftung-erich-hauser-rottweil-25-05-28-09-2025","status":"publish","type":"post","link":"https:\/\/sabineschaefer.de\/?p=8368&lang=de","title":{"rendered":"Bats\u00b4n\u00b4Insects. Kunststiftung Erich Hauser Rottweil. 25.05.-25.10.2025"},"content":{"rendered":"<p>Sabine Sch\u00e4fer<\/p>\n<p>Bats\u00b4n\u00b4Insects Version Kunststiftung Erich Hauser<br \/>\n2025<\/p>\n<p>Eine ortsspezifische Klanginstallation<br \/>\nf\u00fcr die Garten-Lautsprecherinstallation des Skulpturenparks<br \/>\nder Kunststiftung Erich Hauser in Rottweil<\/p>\n<p><strong>25.05.-25.10.2025<\/strong><\/p>\n<p><strong>Auff\u00fchrungen der Klanginstallation<br \/>\n<\/strong>So, 31.08.2025, 11 \u2013 17 Uhr<br \/>\nSo, 28.09.2025, 11 \u2013 17 Uhr<br \/>\n23.08. \u2013 25.10.2025, jeweils samstags 15 \u2013 17 Uhr<\/p>\n<p>Und nach Vereinbarung: <a href=\"mailto:info@erichhauser.de\">info@erichhauser.de <\/a><\/p>\n<p>Bis 7.09. ist zus\u00e4tzlich die Ausstellung von Eva Schmeckenbecher zu erleben.<\/p>\n<p>Das Park Caf\u00e9 ist an den Sonntagen 31.08. und 27.09.2025 ge\u00f6ffnet.<\/p>\n<p>25.05. \u2013 25.10.2025<br \/>\nKunststiftung Erich Hauser<br \/>\nSaline 36<br \/>\n78628 Rottweil<\/p>\n<p>PARK-\u00d6FFNUNGSZEITEN \/ SPIELZEITEN<br \/>\nMai\u00b425 \u2013 September\u00b425: jeden letzten Sonntag im Monat \/ 11 \u2013 17 Uhr<br \/>\nMai\u00b425 \u2013 Oktober\u00b425 jeden Samstag \/ 15 \u2013 17 Uhr<\/p>\n<p>Die Klanginstallation ist bis September an jedem letzten Sonntag im Monat und bis Oktober an jedem Samstag im Skulpturenpark zu h\u00f6ren.<\/p>\n<p><a href=\"https:\/\/sabineschaefer.de\/wp-content\/uploads\/2025\/06\/250108_KEH_Veranstaltungen_Klangkomposition_Inhalte.pdf\">Pressemitteilung der Kunststiftung Erich Hauser<\/a><\/p>\n<p><a href=\"https:\/\/sabineschaefer.de\/wp-content\/uploads\/2025\/06\/Infokarte-Bats-n-Insects_Klanginstallation.pdf\">Flyer der Kunststiftung zur Klanginstallation Bats\u00b4n\u00b4Insects<\/a><\/p>\n<p>&nbsp;<\/p>\n<p>Er\u00f6ffnung 25.05.2025, 15 Uhr<\/p>\n<p>Skulpturenpark der Kunststiftung Erich Hauser<\/p>\n<p>Urauff\u00fchrung Bats\u00b4n\u00b4Insects Version Kunststiftung Erich Hauser<\/p>\n<p>K\u00fcnstlergespr\u00e4ch<br \/>\nSabine Sch\u00e4fer, Interview Dr. Herbert K\u00f6hler, Musikwissenschaftler und Kunsthistoriker<\/p>\n<p>Wissenschaftlicher Vortrag<br \/>\nDr. Annette Denzinger, Fledermausforscherin, Universit\u00e4t T\u00fcbingen<\/p>\n<div class=\"et_pb_slider et_pb_slider_fullwidth_off et_pb_gallery_post_type\">\n\t\t\t\t<div class=\"et_pb_slides\">\n\t\t\t\t\t<div class=\"et_pb_slide\" style=\"background: url(https:\/\/sabineschaefer.de\/wp-content\/uploads\/2025\/04\/2025-05-24-12.29.07-scaled.jpeg);\"><\/div><div class=\"et_pb_slide\" style=\"background: url(https:\/\/sabineschaefer.de\/wp-content\/uploads\/2025\/04\/2025-05-24-12.34.54-scaled.jpeg);\"><\/div><div class=\"et_pb_slide\" style=\"background: url(https:\/\/sabineschaefer.de\/wp-content\/uploads\/2025\/04\/2025-05-25-12.00.00_120102-scaled.jpeg);\"><\/div><div class=\"et_pb_slide\" style=\"background: url(https:\/\/sabineschaefer.de\/wp-content\/uploads\/2025\/04\/2025-05-25-12.34.59-scaled.jpeg);\"><\/div><div class=\"et_pb_slide\" style=\"background: url(https:\/\/sabineschaefer.de\/wp-content\/uploads\/2025\/04\/2025-05-25-12.35.46-scaled.jpeg);\"><\/div><div class=\"et_pb_slide\" style=\"background: url(https:\/\/sabineschaefer.de\/wp-content\/uploads\/2025\/04\/2025-05-25-15.07.01-scaled.jpeg);\"><\/div><div class=\"et_pb_slide\" style=\"background: url(https:\/\/sabineschaefer.de\/wp-content\/uploads\/2025\/04\/2025-05-25-15.13.22-scaled.jpeg);\"><\/div><div class=\"et_pb_slide\" style=\"background: url(https:\/\/sabineschaefer.de\/wp-content\/uploads\/2025\/04\/2025-05-25-15.16.05_0.jpeg);\"><\/div><div class=\"et_pb_slide\" style=\"background: url(https:\/\/sabineschaefer.de\/wp-content\/uploads\/2025\/04\/2025-05-25-15.17.31-scaled.jpeg);\"><\/div><div class=\"et_pb_slide\" style=\"background: url(https:\/\/sabineschaefer.de\/wp-content\/uploads\/2025\/04\/2025-05-25-15.18.40-scaled.jpeg);\"><\/div><div class=\"et_pb_slide\" style=\"background: url(https:\/\/sabineschaefer.de\/wp-content\/uploads\/2025\/04\/2025-05-25-15.29.51-scaled.jpeg);\"><\/div><div class=\"et_pb_slide\" style=\"background: url(https:\/\/sabineschaefer.de\/wp-content\/uploads\/2025\/04\/2025-05-25-16.03.36-scaled.jpeg);\"><\/div><div class=\"et_pb_slide\" style=\"background: url(https:\/\/sabineschaefer.de\/wp-content\/uploads\/2025\/04\/2025-05-25-16.04.07-scaled.jpeg);\"><\/div><div class=\"et_pb_slide\" style=\"background: url(https:\/\/sabineschaefer.de\/wp-content\/uploads\/2025\/04\/20250525_160646-scaled.jpeg);\"><\/div><div class=\"et_pb_slide\" style=\"background: url(https:\/\/sabineschaefer.de\/wp-content\/uploads\/2025\/04\/20250525_160709-scaled.jpeg);\"><\/div><div class=\"et_pb_slide\" style=\"background: url(https:\/\/sabineschaefer.de\/wp-content\/uploads\/2025\/04\/20250525_161430-scaled.jpeg);\"><\/div><div class=\"et_pb_slide\" style=\"background: url(https:\/\/sabineschaefer.de\/wp-content\/uploads\/2025\/04\/20250525_162918-scaled.jpeg);\"><\/div><div class=\"et_pb_slide\" style=\"background: url(https:\/\/sabineschaefer.de\/wp-content\/uploads\/2025\/04\/a_2025-05-25-17.03.01-scaled.jpeg);\"><\/div>\n\t\t\t\t<\/div>\n\t\t\t<\/div>\n<p>Klangeinrichtung im Skulpturenpark Erich Hauser<\/p>\n<p>Eine fantastische Lautsprecherinstallation befindet sich auf dem Areal des Skulpturenparks der Kunststiftung. Sie ist gro\u00dfformatig angelegt. Mit ihr l\u00e4sst sich der gesamte 33.000 qm gro\u00dfe Park beschallen.<\/p>\n<p>F\u00fcr mich, als Klangk\u00fcnstlerin eine gro\u00dfartige Gelegenheit, ein intensives Raumklangerlebnis zu kreieren und diese technisch wundervolle Lautsprecheranlage in eine Klanginstallation zu verwandeln.<\/p>\n<div class=\"et_pb_slider et_pb_slider_fullwidth_off et_pb_gallery_post_type\">\n\t\t\t\t<div class=\"et_pb_slides\">\n\t\t\t\t\t<div class=\"et_pb_slide\" style=\"background: url(https:\/\/sabineschaefer.de\/wp-content\/uploads\/2025\/04\/07_2025-04_BnI-Hauser-Rottweil--scaled.jpeg);\"><\/div><div class=\"et_pb_slide\" style=\"background: url(https:\/\/sabineschaefer.de\/wp-content\/uploads\/2025\/04\/01_2025-04_BnI-Hauser-Rottweil--scaled.jpeg);\"><\/div><div class=\"et_pb_slide\" style=\"background: url(https:\/\/sabineschaefer.de\/wp-content\/uploads\/2025\/04\/02_2025-04_BnI-Hauser-Rottweil.jpeg);\"><\/div><div class=\"et_pb_slide\" style=\"background: url(https:\/\/sabineschaefer.de\/wp-content\/uploads\/2025\/04\/03_2025-04-10-11.00.23-scaled.jpeg);\"><\/div><div class=\"et_pb_slide\" style=\"background: url(https:\/\/sabineschaefer.de\/wp-content\/uploads\/2025\/04\/04_2025-04_BnI-Hauser-Rottweil--scaled.jpeg);\"><\/div><div class=\"et_pb_slide\" style=\"background: url(https:\/\/sabineschaefer.de\/wp-content\/uploads\/2025\/04\/05_2025-04_BnI-Hauser-Rottweil--scaled.jpeg);\"><\/div><div class=\"et_pb_slide\" style=\"background: url(https:\/\/sabineschaefer.de\/wp-content\/uploads\/2025\/04\/06_20241021_112411_0.jpeg);\"><\/div>\n\t\t\t\t<\/div>\n\t\t\t<\/div>\n<p>Informationen auf der Homepage der Kunststiftung Erich Hauser<\/p>\n<p><a href=\"https:\/\/www.erichhauser.de\/kalender\/offener-sonntag-15\/\"><em><u>mehr<\/u><\/em><\/a><br \/>\n<em>Startseite<\/em>:\u00a0 <a href=\"https:\/\/www.erichhauser.de\/\">https:\/\/www.erichhauser.de\/<\/a><\/p>\n","protected":false},"excerpt":{"rendered":"<p>Sabine Sch\u00e4fer Bats\u00b4n\u00b4Insects Version Kunststiftung Erich Hauser 2025 Eine ortsspezifische Klanginstallation f\u00fcr die Garten-Lautsprecherinstallation des Skulpturenparks der Kunststiftung Erich Hauser in Rottweil 25.05.-25.10.2025 Auff\u00fchrungen der Klanginstallation So, 31.08.2025, 11 \u2013 17 Uhr So, 28.09.2025, 11 \u2013 17 Uhr 23.08. \u2013 25.10.2025, jeweils samstags 15 \u2013 17 Uhr Und nach Vereinbarung: info@erichhauser.de Bis 7.09. ist zus\u00e4tzlich [&hellip;]<\/p>\n","protected":false},"author":7,"featured_media":8481,"comment_status":"closed","ping_status":"open","sticky":false,"template":"","format":"standard","meta":{"_et_pb_use_builder":"","_et_pb_old_content":"","_et_gb_content_width":"","h5ap_radio_sources":[],"footnotes":"","_links_to":"","_links_to_target":""},"categories":[198,102],"tags":[],"class_list":["post-8368","post","type-post","status-publish","format-standard","has-post-thumbnail","hentry","category-ausstellungen-sektion","category-ausstellungen"],"_links":{"self":[{"href":"https:\/\/sabineschaefer.de\/index.php?rest_route=\/wp\/v2\/posts\/8368","targetHints":{"allow":["GET"]}}],"collection":[{"href":"https:\/\/sabineschaefer.de\/index.php?rest_route=\/wp\/v2\/posts"}],"about":[{"href":"https:\/\/sabineschaefer.de\/index.php?rest_route=\/wp\/v2\/types\/post"}],"author":[{"embeddable":true,"href":"https:\/\/sabineschaefer.de\/index.php?rest_route=\/wp\/v2\/users\/7"}],"replies":[{"embeddable":true,"href":"https:\/\/sabineschaefer.de\/index.php?rest_route=%2Fwp%2Fv2%2Fcomments&post=8368"}],"version-history":[{"count":12,"href":"https:\/\/sabineschaefer.de\/index.php?rest_route=\/wp\/v2\/posts\/8368\/revisions"}],"predecessor-version":[{"id":8568,"href":"https:\/\/sabineschaefer.de\/index.php?rest_route=\/wp\/v2\/posts\/8368\/revisions\/8568"}],"wp:featuredmedia":[{"embeddable":true,"href":"https:\/\/sabineschaefer.de\/index.php?rest_route=\/wp\/v2\/media\/8481"}],"wp:attachment":[{"href":"https:\/\/sabineschaefer.de\/index.php?rest_route=%2Fwp%2Fv2%2Fmedia&parent=8368"}],"wp:term":[{"taxonomy":"category","embeddable":true,"href":"https:\/\/sabineschaefer.de\/index.php?rest_route=%2Fwp%2Fv2%2Fcategories&post=8368"},{"taxonomy":"post_tag","embeddable":true,"href":"https:\/\/sabineschaefer.de\/index.php?rest_route=%2Fwp%2Fv2%2Ftags&post=8368"}],"curies":[{"name":"wp","href":"https:\/\/api.w.org\/{rel}","templated":true}]}}